{"id":496,"date":"2010-12-09T20:04:37","date_gmt":"2010-12-09T23:04:37","guid":{"rendered":"http:\/\/ultimato.com.br\/sites\/fatosecorrelatos\/?p=496"},"modified":"2010-12-09T20:04:37","modified_gmt":"2010-12-09T23:04:37","slug":"dialogar-e-relacionar-se","status":"publish","type":"post","link":"https:\/\/ultimato.com.br\/sites\/fatosecorrelatos\/2010\/12\/09\/dialogar-e-relacionar-se\/","title":{"rendered":"Dialogar \u00e9 relacionar-se"},"content":{"rendered":"<p>A afirma\u00e7\u00e3o parece \u00f3bvia, mas a redund\u00e2ncia \u00e9 necess\u00e1ria. \u00c9 imposs\u00edvel desenvolver um di\u00e1logo com o vazio. Mesmo os di\u00e1logos imagin\u00e1rios s\u00f3 existem porque imaginamos um &#8220;outro&#8221; com quem conversar. A exist\u00eancia da <em>outridade<\/em>, portanto, \u00e9 fundamental.<\/p>\n<p>A proposta de dialogar \u00e9 mais do que apresentar ideias. \u00c9 tamb\u00e9m abrir-se para o relacionamento. Cada palavra dita ou escrita \u00e9 como um pingo d&#8217;\u00e1gua caindo no mar. No momento em que toca a superf\u00edcie l\u00edquida promove pequenas ondas que se espalham cada vez mais. Assim deveria ser: nossas palavras como oportunidades para que haja movimentos, e mais di\u00e1logos e mais relacionamentos; n\u00e3o rela\u00e7\u00f5es utilitaristas e superficiais, mas sim compartilhamentos, descobertas, aprendizados e (por que n\u00e3o?) confiss\u00f5es. Onde isso vai parar? N\u00e3o d\u00e1 para saber. A caminhada crist\u00e3 \u00e9 feita de convic\u00e7\u00f5es, mas tamb\u00e9m de mist\u00e9rios. E \u00e9 a f\u00e9 de que o Senhor nos conduz que nos d\u00e1 a liberdade para caminhar.<\/p>\n<p>Os di\u00e1logos mais construtivos s\u00e3o forjados na complexidade das rela\u00e7\u00f5es, onde nem sempre h\u00e1 linearidade, e nem tudo \u00e9 \u00f3bvio. As surpresas fazem parte do ato de dialogar. E quando aceitamos isso, nos humanizamos, porque nos reconhecemos no outro.<\/p>\n<p>Dialogar tamb\u00e9m nos estimula a pensar melhor &#8211; uma maneira interessante de buscar a verdade. De certa forma, somos completados em nossa singularidade pela singularidade do outro. Abrimos as comportas da alma para o fluxo da comunh\u00e3o e somos banhados por experi\u00eancias comunit\u00e1rias que enriquecem nossa maneira de viver &#8211; o que n\u00e3o seria poss\u00edvel de outra forma.<\/p>\n<p>Dialogar \u00e9 relacionar-se. E relacionar-se \u00e9 ouvir, falar, estar, ser, fazer&#8230; e muito mais. No momento em que decidimos dialogar, decidimos viver mais. E tudo isso \u00e9 dom de Deus.<\/p>\n","protected":false},"excerpt":{"rendered":"<p>Cada palavra dita ou escrita \u00e9 como um pingo d&#8217;\u00e1gua caindo no mar.<\/p>\n","protected":false},"author":12,"featured_media":0,"comment_status":"open","ping_status":"open","sticky":false,"template":"","format":"standard","meta":{"ngg_post_thumbnail":0,"footnotes":""},"categories":[114],"tags":[5452],"class_list":["post-496","post","type-post","status-publish","format-standard","hentry","category-artigos","tag-dialogo"],"_links":{"self":[{"href":"https:\/\/ultimato.com.br\/sites\/fatosecorrelatos\/wp-json\/wp\/v2\/posts\/496","targetHints":{"allow":["GET"]}}],"collection":[{"href":"https:\/\/ultimato.com.br\/sites\/fatosecorrelatos\/wp-json\/wp\/v2\/posts"}],"about":[{"href":"https:\/\/ultimato.com.br\/sites\/fatosecorrelatos\/wp-json\/wp\/v2\/types\/post"}],"author":[{"embeddable":true,"href":"https:\/\/ultimato.com.br\/sites\/fatosecorrelatos\/wp-json\/wp\/v2\/users\/12"}],"replies":[{"embeddable":true,"href":"https:\/\/ultimato.com.br\/sites\/fatosecorrelatos\/wp-json\/wp\/v2\/comments?post=496"}],"version-history":[{"count":3,"href":"https:\/\/ultimato.com.br\/sites\/fatosecorrelatos\/wp-json\/wp\/v2\/posts\/496\/revisions"}],"predecessor-version":[{"id":998,"href":"https:\/\/ultimato.com.br\/sites\/fatosecorrelatos\/wp-json\/wp\/v2\/posts\/496\/revisions\/998"}],"wp:attachment":[{"href":"https:\/\/ultimato.com.br\/sites\/fatosecorrelatos\/wp-json\/wp\/v2\/media?parent=496"}],"wp:term":[{"taxonomy":"category","embeddable":true,"href":"https:\/\/ultimato.com.br\/sites\/fatosecorrelatos\/wp-json\/wp\/v2\/categories?post=496"},{"taxonomy":"post_tag","embeddable":true,"href":"https:\/\/ultimato.com.br\/sites\/fatosecorrelatos\/wp-json\/wp\/v2\/tags?post=496"}],"curies":[{"name":"wp","href":"https:\/\/api.w.org\/{rel}","templated":true}]}}