{"id":468,"date":"2010-11-21T07:05:06","date_gmt":"2010-11-21T10:05:06","guid":{"rendered":"http:\/\/ultimato.com.br\/sites\/fatosecorrelatos\/?p=468"},"modified":"2010-12-02T09:53:33","modified_gmt":"2010-12-02T12:53:33","slug":"igreja-concerta-ou-joga-fora","status":"publish","type":"post","link":"https:\/\/ultimato.com.br\/sites\/fatosecorrelatos\/2010\/11\/21\/igreja-concerta-ou-joga-fora\/","title":{"rendered":"Igreja: concerta ou joga fora?"},"content":{"rendered":"<p><a href=\"http:\/\/ultimato.com.br\/sites\/fatosecorrelatos\/files\/2010\/11\/igreja-CPL_059.jpg\" class=\"lightview\" data-lightview-group=\"group-468\" data-lightview-options=\"skin: 'dark', controls: 'relative', padding: '10', shadow: { color: '#000000', opacity: 0.08, blur: 3 }\" data-lightview-title=\"igreja-~-CPL_059\"><img loading=\"lazy\" decoding=\"async\" class=\"alignleft size-full wp-image-469\" title=\"igreja-~-CPL_059\" src=\"http:\/\/ultimato.com.br\/sites\/fatosecorrelatos\/files\/2010\/11\/igreja-CPL_059.jpg\" alt=\"\" width=\"210\" height=\"207\" srcset=\"https:\/\/ultimato.com.br\/sites\/fatosecorrelatos\/files\/2010\/11\/igreja-CPL_059.jpg 300w, https:\/\/ultimato.com.br\/sites\/fatosecorrelatos\/files\/2010\/11\/igreja-CPL_059-80x80.jpg 80w, https:\/\/ultimato.com.br\/sites\/fatosecorrelatos\/files\/2010\/11\/igreja-CPL_059-150x147.jpg 150w\" sizes=\"auto, (max-width: 210px) 100vw, 210px\" \/><\/a>Ontem assisti um dos muitos v\u00eddeos <span style=\"color: #ff0000;\">com o tema<\/span> &#8220;<a href=\"http:\/\/www.youtube.com\/watch?v=fkHZyAp31No&amp;feature=channel\" target=\"_blank\">Mas Poxa Vida<\/a>&#8220;. <span style=\"color: #ff0000;\">O autor \u00e9<\/span> um jovem que tem feito muito sucesso na internet, porque faz coment\u00e1rios aleat\u00f3rios aparentemente inteligentes sobre quase tudo. No v\u00eddeo que assisti, <span style=\"color: #ff0000;\">ele<\/span> critica duramente a religi\u00e3o. Entre os adjetivos usados, nos chama de hip\u00f3critas, intolerantes e cerceadores da liberdade de pensamento.\u00a0No meio evang\u00e9lico, tenho acompanhado reflex\u00f5es e v\u00eddeos de irm\u00e3os ou irm\u00e3s que tamb\u00e9m criticam duramente a religi\u00e3o. No nosso caso, eles preferem usar a express\u00e3o &#8220;igreja institucionalizada&#8221;. Uma igreja, segundo eles, pouco relevante e que mais parece uma piada.<\/p>\n<p>Concordo com muitas destas cr\u00edticas (apesar de achar que esse tal <em>Mas Poxa Vida<\/em> usa as mesmas palavras e categorias do discurso religioso para fundamentar o seu). Concordo com alguns irm\u00e3os e irm\u00e3s, reconhecendo que a &#8220;igreja institucionalizada&#8221; j\u00e1 abandonou muitos princ\u00edpios essenciais da f\u00e9 crist\u00e3, como o cristocentrismo, o arrependimento e a busca sincera e humilde pela santidade.<\/p>\n<p>No entanto, me incomoda pensar que &#8220;tudo a\u00ed est\u00e1 errado&#8221;. Parece uma simplifica\u00e7\u00e3o da cr\u00edtica. Ao mesmo tempo, d\u00e1 a impress\u00e3o de que o ilustre cr\u00edtico tem um conhecimento profundo do cen\u00e1rio evang\u00e9lico e de suas nuances sociol\u00f3gicas e b\u00edblicas. Soa ainda meio arrogante pensar que \u00e9 poss\u00edvel criticar duramente a igreja, s\u00f3 que do lado de fora dela, sem se sentir obrigado a am\u00e1-la ou a caminhar com pessoas desta mesma igreja.<\/p>\n<p>A leitura de Hebreus (especialmente do cap\u00edtulo 3 ao 10) me surpreendeu. Jesus \u00e9 descrito aqui como o Sumo-sacerdote que traz uma renova\u00e7\u00e3o para a religi\u00e3o judaica. Ele veste as roupas da religi\u00e3o, outrora duramente criticada por ele pr\u00f3prio, e revela o seu sentido transcendental. Ele assum<span style=\"color: #ff0000;\">e<\/span> uma figura religiosa e institucional. No entanto, ao fazer isso, Jesus redime a religi\u00e3o. De uma velha alian\u00e7a surge uma nova (Hb 8). De uma vida reduzida a mandamentos e leis surge uma religi\u00e3o fundamentada em uma pacto do cora\u00e7\u00e3o (Hb 9), que n\u00e3o abandona as leis, mas resgata seu sentido primeiro.<\/p>\n<p>Jesus n\u00e3o joga fora as vestes da antiga religi\u00e3o. Pelo contr\u00e1rio, ele a concerta ao assumi-las e ao doar sua pr\u00f3pria vida. Este Sumo-sacerdote \u00e9 maior do que os nossos her\u00f3is religiosos (3.3), \u00e9 eterno (7.24), \u00e9 compassivo (4.15) e o \u00fanico capaz de substituir as muletas ef\u00eameras da religiosidade por uma transforma\u00e7\u00e3o, de fato, definitiva, que liberta e salva (7.26-28).<\/p>\n<p>Talvez tenhamos escolhido o caminho errado ao criticar a religi\u00e3o ou a igreja evang\u00e9lica institucionalizada. Ao inv\u00e9s de jog\u00e1-la fora, o melhor seria concert\u00e1-la a partir do mesmo amor e zelo que Jesus teve. O pastor Eugene Peterson diz que a religi\u00e3o ou a igreja tem a mesma fun\u00e7\u00e3o que a casca de uma \u00e1rvore. Por fora \u00e9 feia. No entanto, seu papel de proteger o caule \u00e9 muito importante. A religi\u00e3o redimida tem a fun\u00e7\u00e3o de proteger o que tem de mais precioso no caule. O que vemos (ritos, leis, arquitetura, etc) deve preservar e resgatar o que n\u00e3o vemos (hist\u00f3rias de f\u00e9, transforma\u00e7\u00f5es de cora\u00e7\u00e3o, amor compartilhado).<\/p>\n<p>Igreja: concertar ou jogar fora?\u00a0Minha resposta \u00e9: participar humilde e confiadamente da reden\u00e7\u00e3o da religi\u00e3o que Jesus Cristo j\u00e1 iniciou h\u00e1 muito tempo.<\/p>\n<p><strong>Notas:<\/strong><\/p>\n<p><em>1. Aqui uso o verbo concertar e n\u00e3o consertar. Isso porque quero propor a a\u00e7\u00e3o de &#8220;ajustar, reconciliar-se&#8221; e n\u00e3o de &#8220;repor uma situa\u00e7\u00e3o ou um estado anterior&#8221; e &#8220;resolver uma situa\u00e7\u00e3o e um problema&#8221;. (Fonte: <a href=\"http:\/\/www.priberam.pt\/DLPO\/default.aspx?pal=consertar\" target=\"_blank\">Dicion\u00e1rio Priberam da L\u00edngua Portuguesa<\/a>). <\/em><em>Esta observa\u00e7\u00e3o foi inserida posteriormente.<\/em><\/p>\n<p><em>2. Em vermelho altera\u00e7\u00f5es feitas no texto original.<br \/>\n<\/em><\/p>\n","protected":false},"excerpt":{"rendered":"<p>Talvez tenhamos escolhido o caminho errado ao criticar a religi\u00e3o ou a igreja evang\u00e9lica institucionalizada.<\/p>\n","protected":false},"author":12,"featured_media":0,"comment_status":"open","ping_status":"open","sticky":false,"template":"","format":"standard","meta":{"ngg_post_thumbnail":0,"footnotes":""},"categories":[114],"tags":[38,5938],"class_list":["post-468","post","type-post","status-publish","format-standard","hentry","category-artigos","tag-igreja","tag-religiao"],"_links":{"self":[{"href":"https:\/\/ultimato.com.br\/sites\/fatosecorrelatos\/wp-json\/wp\/v2\/posts\/468","targetHints":{"allow":["GET"]}}],"collection":[{"href":"https:\/\/ultimato.com.br\/sites\/fatosecorrelatos\/wp-json\/wp\/v2\/posts"}],"about":[{"href":"https:\/\/ultimato.com.br\/sites\/fatosecorrelatos\/wp-json\/wp\/v2\/types\/post"}],"author":[{"embeddable":true,"href":"https:\/\/ultimato.com.br\/sites\/fatosecorrelatos\/wp-json\/wp\/v2\/users\/12"}],"replies":[{"embeddable":true,"href":"https:\/\/ultimato.com.br\/sites\/fatosecorrelatos\/wp-json\/wp\/v2\/comments?post=468"}],"version-history":[{"count":9,"href":"https:\/\/ultimato.com.br\/sites\/fatosecorrelatos\/wp-json\/wp\/v2\/posts\/468\/revisions"}],"predecessor-version":[{"id":474,"href":"https:\/\/ultimato.com.br\/sites\/fatosecorrelatos\/wp-json\/wp\/v2\/posts\/468\/revisions\/474"}],"wp:attachment":[{"href":"https:\/\/ultimato.com.br\/sites\/fatosecorrelatos\/wp-json\/wp\/v2\/media?parent=468"}],"wp:term":[{"taxonomy":"category","embeddable":true,"href":"https:\/\/ultimato.com.br\/sites\/fatosecorrelatos\/wp-json\/wp\/v2\/categories?post=468"},{"taxonomy":"post_tag","embeddable":true,"href":"https:\/\/ultimato.com.br\/sites\/fatosecorrelatos\/wp-json\/wp\/v2\/tags?post=468"}],"curies":[{"name":"wp","href":"https:\/\/api.w.org\/{rel}","templated":true}]}}