{"id":456,"date":"2010-11-12T22:03:56","date_gmt":"2010-11-13T01:03:56","guid":{"rendered":"http:\/\/ultimato.com.br\/sites\/fatosecorrelatos\/?p=456"},"modified":"2010-11-12T22:03:56","modified_gmt":"2010-11-13T01:03:56","slug":"jonas-sou-eu","status":"publish","type":"post","link":"https:\/\/ultimato.com.br\/sites\/fatosecorrelatos\/2010\/11\/12\/jonas-sou-eu\/","title":{"rendered":"Jonas sou eu"},"content":{"rendered":"<p><a href=\"http:\/\/ultimato.com.br\/sites\/fatosecorrelatos\/files\/2010\/11\/Profeta.jpg\" class=\"lightview\" data-lightview-group=\"group-456\" data-lightview-options=\"skin: 'dark', controls: 'relative', padding: '10', shadow: { color: '#000000', opacity: 0.08, blur: 3 }\" style=\"font-weight: bold;\" data-lightview-title=\"Profeta\"><img loading=\"lazy\" decoding=\"async\" class=\"alignleft size-medium wp-image-457\" title=\"Profeta\" src=\"http:\/\/ultimato.com.br\/sites\/fatosecorrelatos\/files\/2010\/11\/Profeta-300x221.jpg\" alt=\"\" width=\"270\" height=\"199\" srcset=\"https:\/\/ultimato.com.br\/sites\/fatosecorrelatos\/files\/2010\/11\/Profeta-300x221.jpg 300w, https:\/\/ultimato.com.br\/sites\/fatosecorrelatos\/files\/2010\/11\/Profeta-150x110.jpg 150w, https:\/\/ultimato.com.br\/sites\/fatosecorrelatos\/files\/2010\/11\/Profeta.jpg 500w\" sizes=\"auto, (max-width: 270px) 100vw, 270px\" \/><\/a><strong><em>Uma par\u00e1frase da hist\u00f3ria do profeta Jona<\/em><\/strong><em><strong>s<\/strong><\/em><\/p>\n<p>Sou o Jonas. Fujo de ti. Fujo de mim. Que o mar me leve para longe de quem me revela a imagem verdadeira. Dif\u00edcil n\u00e3o \u00e9 enfrentar N\u00ednive; \u00e9 gozar tua bondade, porque perto dela sou completamente feio.<\/p>\n<p>Que ningu\u00e9m me encontre, me reconhe\u00e7a, me fa\u00e7a falar do meu passado, de minha hist\u00f3ria de f\u00e9. N\u00e3o quero seguir um destino que n\u00e3o escolhi. N\u00e3o quero falar a um povo do qual n\u00e3o gosto. N\u00e3o quero ser profeta de verdade, nem ter que representar tua voz. Solene demais, ela me obriga a ser melhor do que sou.<\/p>\n<p>As noites s\u00e3o longas, porque n\u00e3o h\u00e1 paz. S\u00f3 me resta o dia para esconder-me no sono profundo. Escondo-me de tudo que \u00e9 verdadeiro, do sol e do vento. Mas tu me p\u00f5es em confronto com a revela\u00e7\u00e3o.<\/p>\n<p>A mentira \u00e9 jogada ao mar; e eu com ela. Fundo, escuro, mal-cheiroso. Assim sou. Assim as correntes do pecado me escravizam. Mas, de repente, surge o f\u00f4lego (na verdade, o gemido). A dor do cora\u00e7\u00e3o, insurgida em palavras de ora\u00e7\u00e3o. Di\u00e1logo com aquele de quem eu fugia. De repente, me vejo buscando-o, e at\u00e9 desejo ador\u00e1-lo, ainda que a vergonha permane\u00e7a. De repente, me vejo salvo do mar bravio. O escuro significa ressurrei\u00e7\u00e3o. &#8220;Porque tu trouxeste a minha vida de volta da sepultura e quando a minha vida se apagava, eu me lembrei de ti, Senhor, e a minha ora\u00e7\u00e3o subiu at\u00e9 ti&#8221;.<\/p>\n<p>Sou o Jonas medroso, covarde. Sou o Jonas sem sa\u00edda, sem escolha. Sou o Jonas que te encontra e \u00e9 ressuscitado em sua f\u00e9. N\u00e3o que eu j\u00e1 seja perfeito (porque sei que n\u00e3o sou, ah sei!), mas agora sigo o caminho novamente em dire\u00e7\u00e3o ao meu destino. O que vir\u00e1? O que eu j\u00e1 sabia. Tu revelando tua bondade sobre quem n\u00e3o merece. Que seja como queres, mesmo que eu n\u00e3o queira.<\/p>\n<p>Que a tua sombra\u00a0seja\u00a0a minha prote\u00e7\u00e3o, mesmo quando tu desejas d\u00e1-la a mais de um. Que o teu ju\u00edzo\u00a0seja\u00a0a for\u00e7a que me move, se j\u00e1 n\u00e3o restar nada mais que uma planta morta. Que tu me questiones, se ainda hoje eu n\u00e3o entender a tua miseric\u00f3rdia. Que seja eu marcado na hist\u00f3ria, se a tua voz n\u00e3o ultrapassar minha pr\u00f3pria exist\u00eancia.<\/p>\n","protected":false},"excerpt":{"rendered":"<p>Sou o Jonas. Fujo de ti. Fujo de mim. Que o mar me leve para longe de quem me revela a imagem verdadeira. Dif\u00edcil n\u00e3o \u00e9 enfrentar N\u00ednive; \u00e9 gozar tua bondade, porque perto dela sou completamente feio.<\/p>\n","protected":false},"author":12,"featured_media":0,"comment_status":"open","ping_status":"open","sticky":false,"template":"","format":"standard","meta":{"ngg_post_thumbnail":0,"footnotes":""},"categories":[114],"tags":[9839,4783],"class_list":["post-456","post","type-post","status-publish","format-standard","hentry","category-artigos","tag-antigo-testamento","tag-espiritualidade"],"_links":{"self":[{"href":"https:\/\/ultimato.com.br\/sites\/fatosecorrelatos\/wp-json\/wp\/v2\/posts\/456","targetHints":{"allow":["GET"]}}],"collection":[{"href":"https:\/\/ultimato.com.br\/sites\/fatosecorrelatos\/wp-json\/wp\/v2\/posts"}],"about":[{"href":"https:\/\/ultimato.com.br\/sites\/fatosecorrelatos\/wp-json\/wp\/v2\/types\/post"}],"author":[{"embeddable":true,"href":"https:\/\/ultimato.com.br\/sites\/fatosecorrelatos\/wp-json\/wp\/v2\/users\/12"}],"replies":[{"embeddable":true,"href":"https:\/\/ultimato.com.br\/sites\/fatosecorrelatos\/wp-json\/wp\/v2\/comments?post=456"}],"version-history":[{"count":5,"href":"https:\/\/ultimato.com.br\/sites\/fatosecorrelatos\/wp-json\/wp\/v2\/posts\/456\/revisions"}],"predecessor-version":[{"id":462,"href":"https:\/\/ultimato.com.br\/sites\/fatosecorrelatos\/wp-json\/wp\/v2\/posts\/456\/revisions\/462"}],"wp:attachment":[{"href":"https:\/\/ultimato.com.br\/sites\/fatosecorrelatos\/wp-json\/wp\/v2\/media?parent=456"}],"wp:term":[{"taxonomy":"category","embeddable":true,"href":"https:\/\/ultimato.com.br\/sites\/fatosecorrelatos\/wp-json\/wp\/v2\/categories?post=456"},{"taxonomy":"post_tag","embeddable":true,"href":"https:\/\/ultimato.com.br\/sites\/fatosecorrelatos\/wp-json\/wp\/v2\/tags?post=456"}],"curies":[{"name":"wp","href":"https:\/\/api.w.org\/{rel}","templated":true}]}}