{"id":45,"date":"2006-02-20T14:02:00","date_gmt":"2006-02-20T17:02:00","guid":{"rendered":"http:\/\/ultimato.com.br\/sites\/fatosecorrelatos\/2006\/02\/20\/paiol-da-aurora\/"},"modified":"2010-09-26T18:03:56","modified_gmt":"2010-09-26T21:03:56","slug":"paiol-da-aurora","status":"publish","type":"post","link":"https:\/\/ultimato.com.br\/sites\/fatosecorrelatos\/2006\/02\/20\/paiol-da-aurora\/","title":{"rendered":"Paiol da Aurora"},"content":{"rendered":"<p><strong>VI.<\/strong><br \/>Viver \u00e9 estar acordado<br \/>e acordar. E comer<br \/>o p\u00e3o, beber a branca<br \/>alegria, deitar<br \/>com as lavas.<\/p>\n<p>E no tempo ajustado<br \/>pela alma, erguer<br \/>as asas.<br \/>(&#8230;)<\/p>\n<p><strong>VII.<\/strong><br \/>Os olhos voar\u00e3o,<br \/>os bra\u00e7os e os p\u00e9s<br \/>voar\u00e3o.<\/p>\n<p>E pela sacada<br \/>de mel, n\u00e3o h\u00e1<br \/>alma que n\u00e3o voe.<\/p>\n<p>E o c\u00e9u coado<br \/>entorna fluvo,<br \/>uivo: em decib\u00e9is,<br \/>como um tonel,<br \/>o anel intranspon\u00edvel<br \/>de gaivotas.<\/p>\n<p><strong>VIII.<br \/><\/strong>A roda de Deus<br \/>nos toca.<br \/>E vives<br \/>com um ramo<br \/>de amanhecer<br \/>na boca.<\/p>\n<p>Trechos do poema <em>Paiol da Aurora<\/em>, de Carlos Nejar.<\/p>\n","protected":false},"excerpt":{"rendered":"<p>VI.Viver \u00e9 estar acordadoe acordar. E comero p\u00e3o, beber a brancaalegria, deitarcom as lavas. E no tempo ajustadopela alma, ergueras asas.(&#8230;) VII.Os olhos voar\u00e3o,os bra\u00e7os e os p\u00e9svoar\u00e3o. E pela sacadade mel, n\u00e3o h\u00e1alma que n\u00e3o voe. E o c\u00e9u coadoentorna fluvo,uivo: em decib\u00e9is,como um tonel,o anel intranspon\u00edvelde gaivotas. VIII.A roda de Deusnos toca.E vivescom [&hellip;]<\/p>\n","protected":false},"author":12,"featured_media":0,"comment_status":"open","ping_status":"open","sticky":false,"template":"","format":"standard","meta":{"ngg_post_thumbnail":0,"footnotes":""},"categories":[7656,7655],"tags":[24539],"class_list":["post-45","post","type-post","status-publish","format-standard","hentry","category-outras-vozes","category-poesias","tag-etc"],"_links":{"self":[{"href":"https:\/\/ultimato.com.br\/sites\/fatosecorrelatos\/wp-json\/wp\/v2\/posts\/45","targetHints":{"allow":["GET"]}}],"collection":[{"href":"https:\/\/ultimato.com.br\/sites\/fatosecorrelatos\/wp-json\/wp\/v2\/posts"}],"about":[{"href":"https:\/\/ultimato.com.br\/sites\/fatosecorrelatos\/wp-json\/wp\/v2\/types\/post"}],"author":[{"embeddable":true,"href":"https:\/\/ultimato.com.br\/sites\/fatosecorrelatos\/wp-json\/wp\/v2\/users\/12"}],"replies":[{"embeddable":true,"href":"https:\/\/ultimato.com.br\/sites\/fatosecorrelatos\/wp-json\/wp\/v2\/comments?post=45"}],"version-history":[{"count":1,"href":"https:\/\/ultimato.com.br\/sites\/fatosecorrelatos\/wp-json\/wp\/v2\/posts\/45\/revisions"}],"predecessor-version":[{"id":337,"href":"https:\/\/ultimato.com.br\/sites\/fatosecorrelatos\/wp-json\/wp\/v2\/posts\/45\/revisions\/337"}],"wp:attachment":[{"href":"https:\/\/ultimato.com.br\/sites\/fatosecorrelatos\/wp-json\/wp\/v2\/media?parent=45"}],"wp:term":[{"taxonomy":"category","embeddable":true,"href":"https:\/\/ultimato.com.br\/sites\/fatosecorrelatos\/wp-json\/wp\/v2\/categories?post=45"},{"taxonomy":"post_tag","embeddable":true,"href":"https:\/\/ultimato.com.br\/sites\/fatosecorrelatos\/wp-json\/wp\/v2\/tags?post=45"}],"curies":[{"name":"wp","href":"https:\/\/api.w.org\/{rel}","templated":true}]}}