{"id":44,"date":"2006-02-18T02:10:00","date_gmt":"2006-02-18T05:10:00","guid":{"rendered":"http:\/\/ultimato.com.br\/sites\/fatosecorrelatos\/2006\/02\/18\/asas\/"},"modified":"2010-09-26T18:05:05","modified_gmt":"2010-09-26T21:05:05","slug":"asas","status":"publish","type":"post","link":"https:\/\/ultimato.com.br\/sites\/fatosecorrelatos\/2006\/02\/18\/asas\/","title":{"rendered":"Asas"},"content":{"rendered":"<p>Pe\u00e7o-te asas.<br \/>Para voar e ver tudo que n\u00e3o enxergo daqui. Para limpar meus p\u00e9s da lama de ontem.<br \/>Que minha fraqueza de hoje seja minha for\u00e7a amanh\u00e3.<br \/>Pelo poder do teu Esp\u00edrito, pe\u00e7o-te asas.<br \/>Asas para voar pelos montes demasiadamente altos. Eles est\u00e3o em meus sonhos, mas n\u00e3o posso toc\u00e1-los.<br \/>N\u00e3o quero asas de anjos. Sim, que sejam de humanos sem rumo. Eles sabem exatamente o que lhes falta.<br \/>Pe\u00e7o-te o que me falta: asas.<\/p>\n","protected":false},"excerpt":{"rendered":"<p>Pe\u00e7o-te asas.Para voar e ver tudo que n\u00e3o enxergo daqui. Para limpar meus p\u00e9s da lama de ontem.Que minha fraqueza de hoje seja minha for\u00e7a amanh\u00e3.Pelo poder do teu Esp\u00edrito, pe\u00e7o-te asas.Asas para voar pelos montes demasiadamente altos. Eles est\u00e3o em meus sonhos, mas n\u00e3o posso toc\u00e1-los.N\u00e3o quero asas de anjos. Sim, que sejam de [&hellip;]<\/p>\n","protected":false},"author":12,"featured_media":0,"comment_status":"open","ping_status":"open","sticky":false,"template":"","format":"standard","meta":{"ngg_post_thumbnail":0,"footnotes":""},"categories":[7655],"tags":[24539],"class_list":["post-44","post","type-post","status-publish","format-standard","hentry","category-poesias","tag-etc"],"_links":{"self":[{"href":"https:\/\/ultimato.com.br\/sites\/fatosecorrelatos\/wp-json\/wp\/v2\/posts\/44","targetHints":{"allow":["GET"]}}],"collection":[{"href":"https:\/\/ultimato.com.br\/sites\/fatosecorrelatos\/wp-json\/wp\/v2\/posts"}],"about":[{"href":"https:\/\/ultimato.com.br\/sites\/fatosecorrelatos\/wp-json\/wp\/v2\/types\/post"}],"author":[{"embeddable":true,"href":"https:\/\/ultimato.com.br\/sites\/fatosecorrelatos\/wp-json\/wp\/v2\/users\/12"}],"replies":[{"embeddable":true,"href":"https:\/\/ultimato.com.br\/sites\/fatosecorrelatos\/wp-json\/wp\/v2\/comments?post=44"}],"version-history":[{"count":1,"href":"https:\/\/ultimato.com.br\/sites\/fatosecorrelatos\/wp-json\/wp\/v2\/posts\/44\/revisions"}],"predecessor-version":[{"id":338,"href":"https:\/\/ultimato.com.br\/sites\/fatosecorrelatos\/wp-json\/wp\/v2\/posts\/44\/revisions\/338"}],"wp:attachment":[{"href":"https:\/\/ultimato.com.br\/sites\/fatosecorrelatos\/wp-json\/wp\/v2\/media?parent=44"}],"wp:term":[{"taxonomy":"category","embeddable":true,"href":"https:\/\/ultimato.com.br\/sites\/fatosecorrelatos\/wp-json\/wp\/v2\/categories?post=44"},{"taxonomy":"post_tag","embeddable":true,"href":"https:\/\/ultimato.com.br\/sites\/fatosecorrelatos\/wp-json\/wp\/v2\/tags?post=44"}],"curies":[{"name":"wp","href":"https:\/\/api.w.org\/{rel}","templated":true}]}}