{"id":428,"date":"2010-10-23T13:24:07","date_gmt":"2010-10-23T16:24:07","guid":{"rendered":"http:\/\/ultimato.com.br\/sites\/fatosecorrelatos\/?p=428"},"modified":"2010-10-23T13:26:01","modified_gmt":"2010-10-23T16:26:01","slug":"cidade-do-cabo-e-o-espirito-de-lausanne","status":"publish","type":"post","link":"https:\/\/ultimato.com.br\/sites\/fatosecorrelatos\/2010\/10\/23\/cidade-do-cabo-e-o-espirito-de-lausanne\/","title":{"rendered":"Cidade do Cabo e o esp\u00edrito de Lausanne"},"content":{"rendered":"<div><strong><\/strong><\/div>\n<div id=\"attachment_430\" style=\"width: 310px\" class=\"wp-caption alignleft\"><a href=\"http:\/\/ultimato.com.br\/sites\/fatosecorrelatos\/files\/2010\/10\/DSCN7823.jpg\" class=\"lightview\" data-lightview-group=\"group-428\" data-lightview-options=\"skin: 'dark', controls: 'relative', padding: '10', shadow: { color: '#000000', opacity: 0.08, blur: 3 }\" data-lightview-title=\"DSCN7823\"><img loading=\"lazy\" decoding=\"async\" aria-describedby=\"caption-attachment-430\" class=\"size-medium wp-image-430\" title=\"DSCN7823\" src=\"http:\/\/ultimato.com.br\/sites\/fatosecorrelatos\/files\/2010\/10\/DSCN7823-300x225.jpg\" alt=\"Brasileiros bem-vindos\" width=\"300\" height=\"225\" srcset=\"https:\/\/ultimato.com.br\/sites\/fatosecorrelatos\/files\/2010\/10\/DSCN7823-300x225.jpg 300w, https:\/\/ultimato.com.br\/sites\/fatosecorrelatos\/files\/2010\/10\/DSCN7823-1024x768.jpg 1024w, https:\/\/ultimato.com.br\/sites\/fatosecorrelatos\/files\/2010\/10\/DSCN7823-150x112.jpg 150w, https:\/\/ultimato.com.br\/sites\/fatosecorrelatos\/files\/2010\/10\/DSCN7823.jpg 1600w\" sizes=\"auto, (max-width: 300px) 100vw, 300px\" \/><\/a><p id=\"caption-attachment-430\" class=\"wp-caption-text\">Assim que nos apresentamos como brasileiros, a receptividade aumenta<\/p><\/div>\n<p><strong>Querida equipe da Ultimato*,\u00a0<\/strong><\/p>\n<p>Ontem, dia livre, sa\u00edmos do hotel (D\u00e9lnia, Liss\u00e2nder, Marcos Orison e eu) e caminhamos por uma rua, em que n\u00e3o circulam carros, arborizada dos dois lados, com cerca de 1,5 km. Ao longo dela h\u00e1 v\u00e1rios edif\u00edcios hist\u00f3ricos &#8211; o Centro do Livro e muitos outros. H\u00e1 muitos p\u00e1ssaros na regi\u00e3o e alguns esquilos, um dos quais comeu na m\u00e3o da D\u00e9lnia e subiu em suas costas. Esta rua termina ao lado da St. George Cathedral .<br \/>\nFoi desta igreja anglicana que saiu a Marcha para a Paz, em setembro de 1989. H\u00e1 um pequeno museu com fotos da Marcha e outras sobre a luta pelos direitos dos negros. A igreja \u00e9 muito imponente e bonita, p\u00e9 direito alt\u00edssimo, muitos vitrais. H\u00e1 uma grande escultura, na qual Maria \u00e9 retratada como uma negra cheinha e Jesus, negro, est\u00e1 em seus bra\u00e7os. Ao lado um quadro de S\u00e3o George, um convite para que se ore ao \u00edcon, e abaixo dele\u00a0uma ora\u00e7\u00e3o modelo.<br \/>\nAs constru\u00e7\u00f5es nesta \u00e1rea s\u00e3o todas no estilo europeu. Passeamos e fizemos algumas compras na feira de artesanato na <em>Green Market Square<\/em>. Muita variedade, beleza e cultura nestas pecas de v\u00e1rios pa\u00edses da \u00c1frica. Assim que nos apresentamos como brasileiros a receptividade aumenta. Sentimo-nos incomodados com a forma com que negociam seus produtos. Ao perguntarmos<em> How much cust<\/em>, eles nos d\u00e3o o preco e logo aguardam um pedido de desconto. Mas n\u00e3o p\u00e1ra a\u00ed. Se a gente n\u00e3o compra, eles isistentemente nos perguntam:<em> How much do pay<\/em><em>?<\/em>\u00a0<\/p>\n<p>H\u00e1 pedintes na rua. Estes s\u00e3o humilhantemente insistentes. A gente nega uma, duas, tr\u00eas vezes, mas eles continuam a andar ao nosso lado, com cara de doentes e com fisionomia de tristeza. A pobreza tira a dignidade.\u00a0<\/p>\n<p>Disseram-nos que aqui bicicleta \u00e9 um esporte nacional. H\u00e1 lojas especializadas e alguns circuitos planejados. Disseram-nos tamb\u00e9m que caminhadas s\u00e3o muito comuns, algumas fam\u00edlias aos s\u00e1bados sobem a <em>Table Montain<\/em>.\u00a0<\/p>\n<p>Comemos cachorro quente na rua. Um p\u00e3o com uma salsicha enorme mais catchup e mostarda. Depois passamos mais de 2 horas em uma <em>lan house<\/em> apertad\u00edssima, trabalhando. A esta altura, Marcos Orison j\u00e1 havia ido embora.\u00a0<\/p>\n<p>Passeamos mais, vimos outros lugares bonitos, o tempo mudou, fez frio e choveu um pouco. Entramos para conhecer um restaurante, que \u00e9 tamb\u00e9m pizzaria e padaria, com uma linda decora\u00e7\u00e3o. Na parede um quadro com v\u00e1rias frases sobre p\u00e3o e comida. Fotografamos. O forno fica a vista e \u00e9 todo ele revestido com pedacinhos de aluzejos coloridos.\u00a0<\/p>\n<p>Este restaurante fica no Pr\u00e9dio Nelson Mandela. Na galeria interna h\u00e1 uma grande foto e v\u00e1rias frases inspirativas deste her\u00f3i nacional (h\u00e1 esculturas, pinturas e artesanato com sua imagem em todos os lugares). Uma das frases \u00e9 sobre coragem e sobre vencer o medo, o que levou D\u00e9lnia a lembrar-se de uma frase de Eugene Peterson no livro <em>Corra com os Cavalos<\/em> e a mim da m\u00fasica do Milton Nascimento: \u201cnada a temer sen\u00e3o enfrentar o medo\u201d.\u00a0<\/p>\n<p>Ao lado deste pr\u00e9dio h\u00e1 um outro onde est\u00e1 a sede de 5 jornais, talvez pertencentes todos a uma mesma rede. Nas paredes externas h\u00e1 uma rica exposi\u00e7\u00e3o de fotos e a estampa de algumas capas dos jornais dos \u00faltimos anos. Riqu\u00edssimas as fotos jornal\u00edsticas! Fotografamos para lembrar de fazer algo semelhante no pr\u00e9dio da Ultimato.\u00a0<\/p>\n<p>Comemos uma <em>cheese cake<\/em> de lim\u00e3o e um <em>brawnie<\/em> acompanhandos de caf\u00e9 num local bem agrad\u00e1vel. O propriet\u00e1rio \u00e9 grego. Foram muitos gentis conosco. Puseram m\u00fasica brasileira no som.\u00a0<\/p>\n<p>Num dos guias tur\u00edsticos de Cidade do Cabo h\u00e1 uma se\u00e7\u00e3o que indica bares gays e h\u00e1 an\u00fancios perto do Hotel que divulgam o <em>Out in Africa<\/em>, festival de filmes de gays e l\u00e9sbicas.\u00a0<\/p>\n<p>Regressemos ao Hotel quando escurecia. Paisagens lindas! O c\u00e9u, as pedras no horizonte, as \u00e1rvores, as constru\u00e7\u00f5es, os p\u00e1ssaros, o dia morrendo e a noite chegando.\u00a0<\/p>\n<p>Comentamos o quanto temos gostando daqui. Ao mesmo tempo compartilhamos um certo sentimento de culpa, pois isto aqui n\u00e3o \u00e9 a \u00c1frica verdadeira. \u00c9 Europa mais do que qualquer outra coisa. Aos negros, at\u00e9 pouco tempo, n\u00e3o lhes era permitido circular nesta \u00e1reas.\u00a0<\/p>\n<p>Precisar\u00edamos alternar estes passeios com passeios aos bairros pobres e a outras \u00e1reas onde estao os negros, para se ter uma ideia mais real daqui. O bispo Robinson Cavalcanti (uma enciclop\u00e9dia ambulante) nos disse que Joanhesburg, uma das capitais da \u00c1frica do Sul, \u00e9 como uma roda de bicicleta: no centro est\u00e3o os pr\u00e9dios ricos, no final da roda est\u00e3o os negros em Soweto, vivendo em condi\u00e7\u00f5es de muita pobreza.\u00a0<\/p>\n<p>Tudo isto tem a ver com o chamado &#8220;esp\u00edrito de Lausanne&#8221; e com o tema do Congresso &#8220;Deus em Cristo reconciliando consigo o mundo&#8221;<em>.<\/em>\u00a0<\/p>\n<p><em>* Carta de Kl\u00eania Fassoni para a equipe da Editora Ultimato<\/em><\/p>\n","protected":false},"excerpt":{"rendered":"<p>Querida equipe da Ultimato*,\u00a0 Ontem, dia livre, sa\u00edmos do hotel (D\u00e9lnia, Liss\u00e2nder, Marcos Orison e eu) e caminhamos por uma rua, em que n\u00e3o circulam carros, arborizada dos dois lados, com cerca de 1,5 km. Ao longo dela h\u00e1 v\u00e1rios edif\u00edcios hist\u00f3ricos &#8211; o Centro do Livro e muitos outros. H\u00e1 muitos p\u00e1ssaros na regi\u00e3o [&hellip;]<\/p>\n","protected":false},"author":12,"featured_media":0,"comment_status":"open","ping_status":"open","sticky":false,"template":"","format":"standard","meta":{"ngg_post_thumbnail":0,"footnotes":""},"categories":[7654,7656,7647],"tags":[9833,9487],"class_list":["post-428","post","type-post","status-publish","format-standard","hentry","category-cronicas","category-outras-vozes","category-series","tag-africa","tag-cidade-do-cabo"],"_links":{"self":[{"href":"https:\/\/ultimato.com.br\/sites\/fatosecorrelatos\/wp-json\/wp\/v2\/posts\/428","targetHints":{"allow":["GET"]}}],"collection":[{"href":"https:\/\/ultimato.com.br\/sites\/fatosecorrelatos\/wp-json\/wp\/v2\/posts"}],"about":[{"href":"https:\/\/ultimato.com.br\/sites\/fatosecorrelatos\/wp-json\/wp\/v2\/types\/post"}],"author":[{"embeddable":true,"href":"https:\/\/ultimato.com.br\/sites\/fatosecorrelatos\/wp-json\/wp\/v2\/users\/12"}],"replies":[{"embeddable":true,"href":"https:\/\/ultimato.com.br\/sites\/fatosecorrelatos\/wp-json\/wp\/v2\/comments?post=428"}],"version-history":[{"count":3,"href":"https:\/\/ultimato.com.br\/sites\/fatosecorrelatos\/wp-json\/wp\/v2\/posts\/428\/revisions"}],"predecessor-version":[{"id":432,"href":"https:\/\/ultimato.com.br\/sites\/fatosecorrelatos\/wp-json\/wp\/v2\/posts\/428\/revisions\/432"}],"wp:attachment":[{"href":"https:\/\/ultimato.com.br\/sites\/fatosecorrelatos\/wp-json\/wp\/v2\/media?parent=428"}],"wp:term":[{"taxonomy":"category","embeddable":true,"href":"https:\/\/ultimato.com.br\/sites\/fatosecorrelatos\/wp-json\/wp\/v2\/categories?post=428"},{"taxonomy":"post_tag","embeddable":true,"href":"https:\/\/ultimato.com.br\/sites\/fatosecorrelatos\/wp-json\/wp\/v2\/tags?post=428"}],"curies":[{"name":"wp","href":"https:\/\/api.w.org\/{rel}","templated":true}]}}