{"id":421,"date":"2010-10-23T11:43:23","date_gmt":"2010-10-23T14:43:23","guid":{"rendered":"http:\/\/ultimato.com.br\/sites\/fatosecorrelatos\/?p=421"},"modified":"2010-10-23T11:43:23","modified_gmt":"2010-10-23T14:43:23","slug":"os-caboverdeanos-de-lausanne-3","status":"publish","type":"post","link":"https:\/\/ultimato.com.br\/sites\/fatosecorrelatos\/2010\/10\/23\/os-caboverdeanos-de-lausanne-3\/","title":{"rendered":"Os caboverdeanos de Lausanne 3"},"content":{"rendered":"<p><span style=\"font-size: 14pt;\"><span style=\"font-family: Times New Roman;\"><em><\/p>\n<div class=\"mceTemp\" style=\"margin: 0cm 0cm 0pt;\">\n<dl id=\"attachment_422\" class=\"wp-caption alignleft\" style=\"width: 310px;\">\n<dt class=\"wp-caption-dt\"><a href=\"http:\/\/ultimato.com.br\/sites\/fatosecorrelatos\/files\/2010\/10\/DSC6912.jpg\" class=\"lightview\" data-lightview-group=\"group-421\" data-lightview-options=\"skin: 'dark', controls: 'relative', padding: '10', shadow: { color: '#000000', opacity: 0.08, blur: 3 }\" data-lightview-title=\"Jovens de Cabo Verde\"><img loading=\"lazy\" decoding=\"async\" class=\"size-medium wp-image-422\" title=\"Jovens de Cabo Verde\" src=\"http:\/\/ultimato.com.br\/sites\/fatosecorrelatos\/files\/2010\/10\/DSC6912-300x201.jpg\" alt=\"\" width=\"300\" height=\"201\" srcset=\"https:\/\/ultimato.com.br\/sites\/fatosecorrelatos\/files\/2010\/10\/DSC6912-300x201.jpg 300w, https:\/\/ultimato.com.br\/sites\/fatosecorrelatos\/files\/2010\/10\/DSC6912-1024x687.jpg 1024w, https:\/\/ultimato.com.br\/sites\/fatosecorrelatos\/files\/2010\/10\/DSC6912-150x100.jpg 150w\" sizes=\"auto, (max-width: 300px) 100vw, 300px\" \/><\/a><\/dt>\n<dd class=\"wp-caption-dd\">Jovens mission\u00e1rios de Cabo Verde no III Congresso de Lausanne<\/dd>\n<\/dl>\n<\/div>\n<p class=\"MsoNormal\" style=\"margin: 0cm 0cm 0pt;\">Por D\u00e9lnia Bastos\u00a0<\/p>\n<p class=\"MsoNormal\" style=\"margin: 0cm 0cm 0pt;\">\u00a0\u00a0<\/p>\n<p class=\"MsoNormal\" style=\"margin: 0cm 0cm 0pt;\"><span style=\"font-size: 14pt;\"><span style=\"font-family: Times New Roman;\">\u00a0<\/span><\/span>\u00a0<\/p>\n<p class=\"MsoNormal\" style=\"margin: 0cm 0cm 0pt;\"><span style=\"font-size: 14pt;\"><span style=\"font-family: Times New Roman;\">Um dos menores grupos de l\u00edngua portuguesa presente em Lausanne III \u00e9 formado por cinco jovens: o pastor Emanuel Monteiro, 32 anos, \u00e9 mission\u00e1rio aut\u00f3ctone da Junta de Miss\u00f5es Mundiais da Conven\u00e7\u00e3o Batista Brasileira. A esposa Diva, 27, dirige o trabalho com crian\u00e7as nas \u00e1reas de evangeliza\u00e7\u00e3o e assist\u00eancia social (creche).<\/span><\/span>\u00a0<\/p>\n<p class=\"MsoNormal\" style=\"margin: 0cm 0cm 0pt;\"><span style=\"font-size: 14pt;\"><span style=\"font-family: Times New Roman;\">\u00a0<\/span><\/span>\u00a0<\/p>\n<p class=\"MsoNormal\" style=\"margin: 0cm 0cm 0pt;\"><span style=\"font-size: 14pt;\"><span style=\"font-family: Times New Roman;\">Os outros integrantes do simp\u00e1tico grupo s\u00e3o Vitorino Mendes, 26, presb\u00edtero da Igreja Povo de Deus, Jandira Fonseca, 25, ovelha do Pr. Emanuel, que tamb\u00e9m atua no minist\u00e9rio infantil, e Marcos Robalo, 37, pastor da Assembl\u00e9ia de Deus.<\/span><\/span>\u00a0<\/p>\n<p class=\"MsoNormal\" style=\"margin: 0cm 0cm 0pt;\"><span style=\"font-size: 14pt;\"><span style=\"font-family: Times New Roman;\">\u00a0<\/span><\/span>\u00a0<\/p>\n<p class=\"MsoNormal\" style=\"margin: 0cm 0cm 0pt;\"><span style=\"font-size: 14pt;\"><span style=\"font-family: Times New Roman;\">A Igreja em Cabo Verde ainda n\u00e3o envia mission\u00e1rios para al\u00e9m de suas fronteiras, mas j\u00e1 sustenta equipes mission\u00e1rias de curto prazo e pratica a miss\u00e3o integral.<\/span><\/span>\u00a0<\/p>\n<p class=\"MsoNormal\" style=\"margin: 0cm 0cm 0pt;\"><span style=\"font-size: 14pt;\"><span style=\"font-family: Times New Roman;\">\u00a0<\/span><\/span>\u00a0<\/p>\n<p class=\"MsoNormal\" style=\"margin: 0cm 0cm 0pt;\"><span style=\"font-size: 14pt;\"><span style=\"font-family: Times New Roman;\">Emanuel e Diva recebem regularmente a revista <strong>Ultimato<\/strong> em Cabo Verde \u2013 um oferecimento da Editora Ultimato (que doa as revistas) e da Junta, que as envia a seus mission\u00e1rios.<\/span><\/span>\u00a0<\/p>\n<p><\/em><\/span><\/span><\/p>\n","protected":false},"excerpt":{"rendered":"<p>Jovens mission\u00e1rios de Cabo Verde no III Congresso de Lausanne Por D\u00e9lnia Bastos\u00a0 \u00a0\u00a0 \u00a0\u00a0 Um dos menores grupos de l\u00edngua portuguesa presente em Lausanne III \u00e9 formado por cinco jovens: o pastor Emanuel Monteiro, 32 anos, \u00e9 mission\u00e1rio aut\u00f3ctone da Junta de Miss\u00f5es Mundiais da Conven\u00e7\u00e3o Batista Brasileira. A esposa Diva, 27, dirige o [&hellip;]<\/p>\n","protected":false},"author":12,"featured_media":0,"comment_status":"open","ping_status":"open","sticky":false,"template":"","format":"standard","meta":{"ngg_post_thumbnail":0,"footnotes":""},"categories":[114,7656,7647],"tags":[9833,9834,5675],"class_list":["post-421","post","type-post","status-publish","format-standard","hentry","category-artigos","category-outras-vozes","category-series","tag-africa","tag-cabo-verde","tag-jovens"],"_links":{"self":[{"href":"https:\/\/ultimato.com.br\/sites\/fatosecorrelatos\/wp-json\/wp\/v2\/posts\/421","targetHints":{"allow":["GET"]}}],"collection":[{"href":"https:\/\/ultimato.com.br\/sites\/fatosecorrelatos\/wp-json\/wp\/v2\/posts"}],"about":[{"href":"https:\/\/ultimato.com.br\/sites\/fatosecorrelatos\/wp-json\/wp\/v2\/types\/post"}],"author":[{"embeddable":true,"href":"https:\/\/ultimato.com.br\/sites\/fatosecorrelatos\/wp-json\/wp\/v2\/users\/12"}],"replies":[{"embeddable":true,"href":"https:\/\/ultimato.com.br\/sites\/fatosecorrelatos\/wp-json\/wp\/v2\/comments?post=421"}],"version-history":[{"count":3,"href":"https:\/\/ultimato.com.br\/sites\/fatosecorrelatos\/wp-json\/wp\/v2\/posts\/421\/revisions"}],"predecessor-version":[{"id":425,"href":"https:\/\/ultimato.com.br\/sites\/fatosecorrelatos\/wp-json\/wp\/v2\/posts\/421\/revisions\/425"}],"wp:attachment":[{"href":"https:\/\/ultimato.com.br\/sites\/fatosecorrelatos\/wp-json\/wp\/v2\/media?parent=421"}],"wp:term":[{"taxonomy":"category","embeddable":true,"href":"https:\/\/ultimato.com.br\/sites\/fatosecorrelatos\/wp-json\/wp\/v2\/categories?post=421"},{"taxonomy":"post_tag","embeddable":true,"href":"https:\/\/ultimato.com.br\/sites\/fatosecorrelatos\/wp-json\/wp\/v2\/tags?post=421"}],"curies":[{"name":"wp","href":"https:\/\/api.w.org\/{rel}","templated":true}]}}