{"id":42,"date":"2006-01-08T19:30:00","date_gmt":"2006-01-08T22:30:00","guid":{"rendered":"http:\/\/ultimato.com.br\/sites\/fatosecorrelatos\/2006\/01\/08\/um-pequena-cronica\/"},"modified":"2023-01-06T16:59:03","modified_gmt":"2023-01-06T19:59:03","slug":"um-pequena-cronica","status":"publish","type":"post","link":"https:\/\/ultimato.com.br\/sites\/fatosecorrelatos\/2006\/01\/08\/um-pequena-cronica\/","title":{"rendered":"Um pequena cr\u00f4nica"},"content":{"rendered":"<p>Janela ao sol. Estico o pesco\u00e7o com dificuldades e olho para fora. Pessoas apressadas, buzinas, olhares fugidios.<br \/>\nOu\u00e7o vozes, muitas. Desconexas, sem fim nem come\u00e7o.<br \/>\nSinto cheiros estranhos. N\u00e3o h\u00e1 mais o que se provar. N\u00e3o h\u00e1 mais gostos, apenas releituras bizarras. Fedor.<br \/>\nOs toques s\u00e3o sempre involunt\u00e1rios. Esbarros. Ningu\u00e9m teve a inten\u00e7\u00e3o. O emaranhado das rela\u00e7\u00f5es parece mais novelos de l\u00e3 embara\u00e7ados. Ningu\u00e9m sabe onde tudo come\u00e7a.<br \/>\nEstou cansado, minha vista d\u00f3i. N\u00e3o suporto mais essa confus\u00e3o.<br \/>\nEncolho o pesco\u00e7o, fecho a janela, olho para o quarto. O espelho no fundo revela-me. Descubro, ent\u00e3o, que eu estava dentro de mim.<\/p>\n<p>&nbsp;<\/p>\n<hr \/>\n<p>&nbsp;<\/p>\n<p><strong><a href=\"https:\/\/ultimato.com.br\/sites\/fatosecorrelatos\/files\/2006\/01\/capa-e1672867165595.jpg\" class=\"lightview\" data-lightview-group=\"group-42\" data-lightview-options=\"skin: 'dark', controls: 'relative', padding: '10', shadow: { color: '#000000', opacity: 0.08, blur: 3 }\"><img loading=\"lazy\" decoding=\"async\" class=\"alignleft wp-image-2157\" src=\"https:\/\/ultimato.com.br\/sites\/fatosecorrelatos\/files\/2006\/01\/capa-300x300.jpg\" alt=\"\" width=\"250\" height=\"250\" \/><\/a><\/strong><\/p>\n<p><strong><span style=\"color: #993300;\"><br \/>\nLEIA MEU LIVRO DE CR\u00d4NICAS!<\/span><\/strong><\/p>\n<p>Que tal ler essa e dezenas de outras breves cr\u00f4nicas reunidas em um \u00fanico livro?<\/p>\n<p>Selecionei os melhores textos que escrevi ao longo de 16 anos e publiquei o livro <span style=\"color: #800000;\"><strong><em>O Cotidiano Extraordin\u00e1rio &#8211; a vida em pequenas cr\u00f4nicas<\/em><\/strong><\/span>, pela <a href=\"https:\/\/www.ultimato.com.br\/\">Editora Ultimato<\/a> em parceria com a <a href=\"https:\/\/www.w4editora.com.br\/\">W4 Editora<\/a>.<\/p>\n<p>Voc\u00ea pode adquiri-lo <a href=\"https:\/\/www.amazon.com.br\/cotidiano-extraordin%C3%A1rio-vida-pequenas-cr%C3%B4nicas\/dp\/6587009182\">aqui<\/a>.<\/p>\n<p>Obrigado!<\/p>\n","protected":false},"excerpt":{"rendered":"<p>Janela ao sol. Estico o pesco\u00e7o com dificuldades e olho para fora. Pessoas apressadas, buzinas, olhares fugidios. Ou\u00e7o vozes, muitas. Desconexas, sem fim nem come\u00e7o. Sinto cheiros estranhos. N\u00e3o h\u00e1 mais o que se provar. N\u00e3o h\u00e1 mais gostos, apenas releituras bizarras. Fedor. Os toques s\u00e3o sempre involunt\u00e1rios. Esbarros. Ningu\u00e9m teve a inten\u00e7\u00e3o. O emaranhado [&hellip;]<\/p>\n","protected":false},"author":12,"featured_media":0,"comment_status":"open","ping_status":"open","sticky":false,"template":"","format":"standard","meta":{"ngg_post_thumbnail":0,"footnotes":""},"categories":[7654],"tags":[24539],"class_list":["post-42","post","type-post","status-publish","format-standard","hentry","category-cronicas","tag-etc"],"_links":{"self":[{"href":"https:\/\/ultimato.com.br\/sites\/fatosecorrelatos\/wp-json\/wp\/v2\/posts\/42","targetHints":{"allow":["GET"]}}],"collection":[{"href":"https:\/\/ultimato.com.br\/sites\/fatosecorrelatos\/wp-json\/wp\/v2\/posts"}],"about":[{"href":"https:\/\/ultimato.com.br\/sites\/fatosecorrelatos\/wp-json\/wp\/v2\/types\/post"}],"author":[{"embeddable":true,"href":"https:\/\/ultimato.com.br\/sites\/fatosecorrelatos\/wp-json\/wp\/v2\/users\/12"}],"replies":[{"embeddable":true,"href":"https:\/\/ultimato.com.br\/sites\/fatosecorrelatos\/wp-json\/wp\/v2\/comments?post=42"}],"version-history":[{"count":9,"href":"https:\/\/ultimato.com.br\/sites\/fatosecorrelatos\/wp-json\/wp\/v2\/posts\/42\/revisions"}],"predecessor-version":[{"id":2177,"href":"https:\/\/ultimato.com.br\/sites\/fatosecorrelatos\/wp-json\/wp\/v2\/posts\/42\/revisions\/2177"}],"wp:attachment":[{"href":"https:\/\/ultimato.com.br\/sites\/fatosecorrelatos\/wp-json\/wp\/v2\/media?parent=42"}],"wp:term":[{"taxonomy":"category","embeddable":true,"href":"https:\/\/ultimato.com.br\/sites\/fatosecorrelatos\/wp-json\/wp\/v2\/categories?post=42"},{"taxonomy":"post_tag","embeddable":true,"href":"https:\/\/ultimato.com.br\/sites\/fatosecorrelatos\/wp-json\/wp\/v2\/tags?post=42"}],"curies":[{"name":"wp","href":"https:\/\/api.w.org\/{rel}","templated":true}]}}