{"id":41,"date":"2006-01-08T19:17:00","date_gmt":"2006-01-08T22:17:00","guid":{"rendered":"http:\/\/ultimato.com.br\/sites\/fatosecorrelatos\/2006\/01\/08\/captura-impossivel\/"},"modified":"2010-09-26T18:06:01","modified_gmt":"2010-09-26T21:06:01","slug":"captura-impossivel","status":"publish","type":"post","link":"https:\/\/ultimato.com.br\/sites\/fatosecorrelatos\/2006\/01\/08\/captura-impossivel\/","title":{"rendered":"Captura imposs\u00edvel"},"content":{"rendered":"<p>O que \u00e9 a Palavra sen\u00e3o o Verbo?<br \/>O que a fundamenta sen\u00e3o quem a profere?<br \/>Fora da Palavra n\u00e3o h\u00e1 realidade, n\u00e3o h\u00e1 caminho, n\u00e3o h\u00e1 verdade, n\u00e3o h\u00e1 vida.<br \/>A Palavra \u00e9 o Verbo que se fez carne e habitou entre n\u00f3s. A Palavra \u00e9 uma pessoa. Ela n\u00e3o pode ser relativa porque n\u00e3o \u00e9 algo, mas algu\u00e9m.<br \/>Portanto, \u00e9 \u00ednutil capturar a Verdade. Como \u00e1gua escorrendo pelos dedos, \u00e9 imposs\u00edvel cont\u00ea-la.<br \/>Ansiamos aprisionar o vento. Como? Que sonho, ilus\u00e3o, utopia!<br \/>O que nos cabe \u00e9 o que a boca do Senhor nos confere. Nada mais, nada menos.<\/p>\n","protected":false},"excerpt":{"rendered":"<p>O que \u00e9 a Palavra sen\u00e3o o Verbo?O que a fundamenta sen\u00e3o quem a profere?Fora da Palavra n\u00e3o h\u00e1 realidade, n\u00e3o h\u00e1 caminho, n\u00e3o h\u00e1 verdade, n\u00e3o h\u00e1 vida.A Palavra \u00e9 o Verbo que se fez carne e habitou entre n\u00f3s. A Palavra \u00e9 uma pessoa. Ela n\u00e3o pode ser relativa porque n\u00e3o \u00e9 algo, [&hellip;]<\/p>\n","protected":false},"author":12,"featured_media":0,"comment_status":"open","ping_status":"open","sticky":false,"template":"","format":"standard","meta":{"ngg_post_thumbnail":0,"footnotes":""},"categories":[114],"tags":[24539],"class_list":["post-41","post","type-post","status-publish","format-standard","hentry","category-artigos","tag-etc"],"_links":{"self":[{"href":"https:\/\/ultimato.com.br\/sites\/fatosecorrelatos\/wp-json\/wp\/v2\/posts\/41","targetHints":{"allow":["GET"]}}],"collection":[{"href":"https:\/\/ultimato.com.br\/sites\/fatosecorrelatos\/wp-json\/wp\/v2\/posts"}],"about":[{"href":"https:\/\/ultimato.com.br\/sites\/fatosecorrelatos\/wp-json\/wp\/v2\/types\/post"}],"author":[{"embeddable":true,"href":"https:\/\/ultimato.com.br\/sites\/fatosecorrelatos\/wp-json\/wp\/v2\/users\/12"}],"replies":[{"embeddable":true,"href":"https:\/\/ultimato.com.br\/sites\/fatosecorrelatos\/wp-json\/wp\/v2\/comments?post=41"}],"version-history":[{"count":1,"href":"https:\/\/ultimato.com.br\/sites\/fatosecorrelatos\/wp-json\/wp\/v2\/posts\/41\/revisions"}],"predecessor-version":[{"id":340,"href":"https:\/\/ultimato.com.br\/sites\/fatosecorrelatos\/wp-json\/wp\/v2\/posts\/41\/revisions\/340"}],"wp:attachment":[{"href":"https:\/\/ultimato.com.br\/sites\/fatosecorrelatos\/wp-json\/wp\/v2\/media?parent=41"}],"wp:term":[{"taxonomy":"category","embeddable":true,"href":"https:\/\/ultimato.com.br\/sites\/fatosecorrelatos\/wp-json\/wp\/v2\/categories?post=41"},{"taxonomy":"post_tag","embeddable":true,"href":"https:\/\/ultimato.com.br\/sites\/fatosecorrelatos\/wp-json\/wp\/v2\/tags?post=41"}],"curies":[{"name":"wp","href":"https:\/\/api.w.org\/{rel}","templated":true}]}}