{"id":409,"date":"2010-10-14T18:54:49","date_gmt":"2010-10-14T21:54:49","guid":{"rendered":"http:\/\/ultimato.com.br\/sites\/fatosecorrelatos\/?p=409"},"modified":"2010-10-14T19:07:23","modified_gmt":"2010-10-14T22:07:23","slug":"francis-schaeffer-esta-vivo-e-mora-na-africa","status":"publish","type":"post","link":"https:\/\/ultimato.com.br\/sites\/fatosecorrelatos\/2010\/10\/14\/francis-schaeffer-esta-vivo-e-mora-na-africa\/","title":{"rendered":"Francis Schaeffer est\u00e1 vivo e mora na \u00c1frica"},"content":{"rendered":"<p>No frio de uns 10 graus, escrevo as primeiras linhas diretamente da Cidade do Cabo (\u00c1frica do Sul).\u00a0 Depois de quase 15 horas de viagem (desde Vi\u00e7osa), agora estou deitado numa cama improvisada lendo e respondendo e-mails. O congresso come\u00e7a no domingo e termina dia 25.<\/p>\n<p>Chegamos na cidade por volta das 14h (o fuso hor\u00e1rio local \u00e9 de 5 horas a mais que o do Brasil). A cidade nos recebeu com um dia bonito e quente. Agora, a noite est\u00e1 fria.<\/p>\n<p>Hospedo-me at\u00e9 amanh\u00e3\u00a0em uma pousada um tanto quanto exc\u00eantrica e repleta de objetos antigos. A hospitalidade \u00e9 parecida com a do\u00a0L&#8217;abri. Por sinal, o dono da pousada \u00e9 a cara do Francis Schaeffer! Chama-se Alan. Ele \u00e9 sul-africano, mas filho de europeus. Entre est\u00e1tutas, quadros e fotos, ele mostra algo interessante:\u00a0um livro de fotografias feitas por Sylvester Jacobs do cotidiano da vila su\u00ed\u00e7a\u00a0de Shelter. Francis escreve o pref\u00e1cio do livro, e ele mesmo\u00a0\u00e9 fotografado em cenas como: pregando serm\u00e3o na igreja,\u00a0servindo a ceia, etc. Com o t\u00edtulo de\u00a0<em><a href=\"http:\/\/www.amazon.co.uk\/PORTRAIT-SHELTER-Francis-Schaeffer\/dp\/0340178930\/ref=tag_tdp_sv_edpp_i\" target=\"_blank\">Portrait of a Shelter<\/a>,<\/em> a publica\u00e7\u00e3o traz, quase todas,\u00a0imagens\u00a0de\u00a0pessoas das mais diversas.<\/p>\n<p>De fato, Schaeffer j\u00e1 morreu e n\u00e3o era africano. Mas a semelhan\u00e7a f\u00edsica dele com o Alan, a aprecia\u00e7\u00e3o da simplicidade das imagens e a expectativa para o in\u00edcio do III Congresso Lausanne, tudo isso me fazem pensar sobre\u00a0como o Cristianismo \u00e9 rico em nos ensinar a ser pessoas melhores, que se relacionam com alegria e sabedoria para com os outros. O mundo precisa de um amor assim.<\/p>\n<p>Ta\u00ed um grande desafio: entender que, mesmo o evangelismo sendo um confronto de\u00a0ideias e questionamentos, ele necessariamente\u00a0tem a ver com relacionamentos.\u00a0E nesta\u00a0\u00e1rea o aprendizado n\u00e3o chega a\u00a0cavalo.\u00a0\u00c9 preciso muita\u00a0sabedoria para entender o\u00a0outro da forma como Deus o quer. Para isso, precisamos de uma certa\u00a0dose de ingenuidade. Somente os ing\u00eanuos acreditam nos outros. N\u00e3o obstante o preju\u00edzo aparente, os mais ing\u00eanuos ajudam os menos ing\u00eanuos a exergarem outras coisas\u00a0mais importantes do que alcan\u00e7ar o sucesso, dominar uma discuss\u00e3o ou tornar-se rei do pr\u00f3prio mundo. O mundo dos espertos \u00e9 uma trag\u00e9dia!<\/p>\n","protected":false},"excerpt":{"rendered":"<p>No frio de uns 10 graus, escrevo as primeiras linhas diretamente da Cidade do Cabo (\u00c1frica do Sul).\u00a0 Depois de quase 15 horas de viagem (desde Vi\u00e7osa), agora estou deitado numa cama improvisada lendo e respondendo e-mails. O congresso come\u00e7a no domingo e termina dia 25. Chegamos na cidade por volta das 14h (o fuso [&hellip;]<\/p>\n","protected":false},"author":12,"featured_media":0,"comment_status":"open","ping_status":"open","sticky":false,"template":"","format":"standard","meta":{"ngg_post_thumbnail":0,"footnotes":""},"categories":[7647],"tags":[7604,8229,8227,8228,24538],"class_list":["post-409","post","type-post","status-publish","format-standard","hentry","category-series","tag-cronicas-de-viagem","tag-labri","tag-lausanne","tag-schaeffer","tag-series"],"_links":{"self":[{"href":"https:\/\/ultimato.com.br\/sites\/fatosecorrelatos\/wp-json\/wp\/v2\/posts\/409","targetHints":{"allow":["GET"]}}],"collection":[{"href":"https:\/\/ultimato.com.br\/sites\/fatosecorrelatos\/wp-json\/wp\/v2\/posts"}],"about":[{"href":"https:\/\/ultimato.com.br\/sites\/fatosecorrelatos\/wp-json\/wp\/v2\/types\/post"}],"author":[{"embeddable":true,"href":"https:\/\/ultimato.com.br\/sites\/fatosecorrelatos\/wp-json\/wp\/v2\/users\/12"}],"replies":[{"embeddable":true,"href":"https:\/\/ultimato.com.br\/sites\/fatosecorrelatos\/wp-json\/wp\/v2\/comments?post=409"}],"version-history":[{"count":3,"href":"https:\/\/ultimato.com.br\/sites\/fatosecorrelatos\/wp-json\/wp\/v2\/posts\/409\/revisions"}],"predecessor-version":[{"id":412,"href":"https:\/\/ultimato.com.br\/sites\/fatosecorrelatos\/wp-json\/wp\/v2\/posts\/409\/revisions\/412"}],"wp:attachment":[{"href":"https:\/\/ultimato.com.br\/sites\/fatosecorrelatos\/wp-json\/wp\/v2\/media?parent=409"}],"wp:term":[{"taxonomy":"category","embeddable":true,"href":"https:\/\/ultimato.com.br\/sites\/fatosecorrelatos\/wp-json\/wp\/v2\/categories?post=409"},{"taxonomy":"post_tag","embeddable":true,"href":"https:\/\/ultimato.com.br\/sites\/fatosecorrelatos\/wp-json\/wp\/v2\/tags?post=409"}],"curies":[{"name":"wp","href":"https:\/\/api.w.org\/{rel}","templated":true}]}}