{"id":403,"date":"2010-10-08T23:48:29","date_gmt":"2010-10-09T02:48:29","guid":{"rendered":"http:\/\/ultimato.com.br\/sites\/fatosecorrelatos\/?p=403"},"modified":"2010-10-08T23:57:48","modified_gmt":"2010-10-09T02:57:48","slug":"rumo-a-cidade-do-cabo","status":"publish","type":"post","link":"https:\/\/ultimato.com.br\/sites\/fatosecorrelatos\/2010\/10\/08\/rumo-a-cidade-do-cabo\/","title":{"rendered":"Rumo \u00e0 Cidade do Cabo"},"content":{"rendered":"<p><a href=\"http:\/\/ultimato.com.br\/sites\/fatosecorrelatos\/files\/2010\/10\/mala.jpg\" class=\"lightview\" data-lightview-group=\"group-403\" data-lightview-options=\"skin: 'dark', controls: 'relative', padding: '10', shadow: { color: '#000000', opacity: 0.08, blur: 3 }\" data-lightview-title=\"mala\"><img loading=\"lazy\" decoding=\"async\" class=\"alignright size-medium wp-image-404\" title=\"mala\" src=\"http:\/\/ultimato.com.br\/sites\/fatosecorrelatos\/files\/2010\/10\/mala-300x183.jpg\" alt=\"\" width=\"300\" height=\"183\" srcset=\"https:\/\/ultimato.com.br\/sites\/fatosecorrelatos\/files\/2010\/10\/mala-300x183.jpg 300w, https:\/\/ultimato.com.br\/sites\/fatosecorrelatos\/files\/2010\/10\/mala-150x91.jpg 150w, https:\/\/ultimato.com.br\/sites\/fatosecorrelatos\/files\/2010\/10\/mala.jpg 384w\" sizes=\"auto, (max-width: 300px) 100vw, 300px\" \/><\/a>Na pr\u00f3xima semana, se Deus quiser, estarei em Cidade do Cabo, \u00c1frica do Sul.\u00a0Com um misto de ansiedade e alegria, tento me organizar para a viagem. O objetivo \u00e9 publicar neste blog textos e not\u00edcias durante a viagem e enquanto eu estiver no<a href=\"http:\/\/www.lausanne.org\/\" target=\"_blank\"> <\/a><em><strong><a href=\"http:\/\/www.lausanne.org\/\" target=\"_blank\">III Congresso Lausanne para Evangeliza\u00e7\u00e3o Mundial<\/a><\/strong><\/em> (16 a 25 de outubro).<\/p>\n<p>No fundo, a espera de meu cora\u00e7\u00e3o est\u00e1 contida, n\u00e3o no certo privil\u00e9gio de participar de um congresso t\u00e3o grande e t\u00e3o rico de experi\u00eancias, mas sim na incr\u00edvel possibilidade de ouvir o Senhor, num tempo especial, diante dos meus dilemas e decis\u00f5es.<\/p>\n<p>Quanto a isso, aguardo, com alegria, a a\u00e7\u00e3o \u00fanica do Sumo Sacerdote que conhece nossas afli\u00e7\u00f5es (Hb 2.18), que redime institui\u00e7\u00f5es religiosas (Hb 4.14-5.10) e que d\u00e1 nova vestimenta \u00e0 terra (Hb 1.10-12). Ele, que se faz mediador, que re\u00fane o que est\u00e1 separado, que tr\u00e1s a vida ao que exala o cheiro da morte, este mesmo Cristo \u00e9 quem fala e orienta a pequenos como eu.<\/p>\n<p>Que a coragem do Esp\u00edrito nos resgate da v\u00e3 maneira de viver. Que a miss\u00e3o do Mestre seja a nossa, aqui e l\u00e1, agora e at\u00e9 o fim. Integralmente!<\/p>\n","protected":false},"excerpt":{"rendered":"<p>Na pr\u00f3xima semana, se Deus quiser, estarei em Cidade do Cabo, \u00c1frica do Sul.\u00a0Com um misto de ansiedade e alegria, tento me organizar para a viagem. O objetivo \u00e9 publicar neste blog textos e not\u00edcias durante a viagem e enquanto eu estiver no III Congresso Lausanne para Evangeliza\u00e7\u00e3o Mundial (16 a 25 de outubro). No [&hellip;]<\/p>\n","protected":false},"author":12,"featured_media":0,"comment_status":"open","ping_status":"open","sticky":false,"template":"","format":"standard","meta":{"ngg_post_thumbnail":0,"footnotes":""},"categories":[114,7647],"tags":[24538,6093],"class_list":["post-403","post","type-post","status-publish","format-standard","hentry","category-artigos","category-series","tag-series","tag-viagens"],"_links":{"self":[{"href":"https:\/\/ultimato.com.br\/sites\/fatosecorrelatos\/wp-json\/wp\/v2\/posts\/403","targetHints":{"allow":["GET"]}}],"collection":[{"href":"https:\/\/ultimato.com.br\/sites\/fatosecorrelatos\/wp-json\/wp\/v2\/posts"}],"about":[{"href":"https:\/\/ultimato.com.br\/sites\/fatosecorrelatos\/wp-json\/wp\/v2\/types\/post"}],"author":[{"embeddable":true,"href":"https:\/\/ultimato.com.br\/sites\/fatosecorrelatos\/wp-json\/wp\/v2\/users\/12"}],"replies":[{"embeddable":true,"href":"https:\/\/ultimato.com.br\/sites\/fatosecorrelatos\/wp-json\/wp\/v2\/comments?post=403"}],"version-history":[{"count":4,"href":"https:\/\/ultimato.com.br\/sites\/fatosecorrelatos\/wp-json\/wp\/v2\/posts\/403\/revisions"}],"predecessor-version":[{"id":408,"href":"https:\/\/ultimato.com.br\/sites\/fatosecorrelatos\/wp-json\/wp\/v2\/posts\/403\/revisions\/408"}],"wp:attachment":[{"href":"https:\/\/ultimato.com.br\/sites\/fatosecorrelatos\/wp-json\/wp\/v2\/media?parent=403"}],"wp:term":[{"taxonomy":"category","embeddable":true,"href":"https:\/\/ultimato.com.br\/sites\/fatosecorrelatos\/wp-json\/wp\/v2\/categories?post=403"},{"taxonomy":"post_tag","embeddable":true,"href":"https:\/\/ultimato.com.br\/sites\/fatosecorrelatos\/wp-json\/wp\/v2\/tags?post=403"}],"curies":[{"name":"wp","href":"https:\/\/api.w.org\/{rel}","templated":true}]}}