{"id":35,"date":"2005-11-14T15:43:00","date_gmt":"2005-11-14T18:43:00","guid":{"rendered":"http:\/\/ultimato.com.br\/sites\/fatosecorrelatos\/2005\/11\/14\/poesia-tempo\/"},"modified":"2010-09-26T18:10:40","modified_gmt":"2010-09-26T21:10:40","slug":"poesia-tempo","status":"publish","type":"post","link":"https:\/\/ultimato.com.br\/sites\/fatosecorrelatos\/2005\/11\/14\/poesia-tempo\/","title":{"rendered":"Poesia &#8220;Tempo&#8221;"},"content":{"rendered":"<p>O tempo<\/p>\n<p>tem<\/p>\n<p>dono.<\/p>\n<p>O tempo<\/p>\n<p>tem<\/p>\n<p>sono.<\/p>\n<p>O tempo<\/p>\n<p>faz<\/p>\n<p>temporal<\/p>\n<p>Na madrugada.<\/p>\n<p>E a hora<\/p>\n<p>j\u00e1 passada,<\/p>\n<p>de tanto<\/p>\n<p>passar<\/p>\n<p>passou<\/p>\n<p>da medida.<\/p>\n<p>O tempo<\/p>\n<p>n\u00e3o tem<\/p>\n<p>sa\u00edda.<\/p>\n<p><em>Ana Peluso<\/em><\/p>\n","protected":false},"excerpt":{"rendered":"<p>O tempo tem dono. O tempo tem sono. O tempo faz temporal Na madrugada. E a hora j\u00e1 passada, de tanto passar passou da medida. O tempo n\u00e3o tem sa\u00edda. Ana Peluso<\/p>\n","protected":false},"author":12,"featured_media":0,"comment_status":"open","ping_status":"open","sticky":false,"template":"","format":"standard","meta":{"ngg_post_thumbnail":0,"footnotes":""},"categories":[7656,7655],"tags":[24539],"class_list":["post-35","post","type-post","status-publish","format-standard","hentry","category-outras-vozes","category-poesias","tag-etc"],"_links":{"self":[{"href":"https:\/\/ultimato.com.br\/sites\/fatosecorrelatos\/wp-json\/wp\/v2\/posts\/35","targetHints":{"allow":["GET"]}}],"collection":[{"href":"https:\/\/ultimato.com.br\/sites\/fatosecorrelatos\/wp-json\/wp\/v2\/posts"}],"about":[{"href":"https:\/\/ultimato.com.br\/sites\/fatosecorrelatos\/wp-json\/wp\/v2\/types\/post"}],"author":[{"embeddable":true,"href":"https:\/\/ultimato.com.br\/sites\/fatosecorrelatos\/wp-json\/wp\/v2\/users\/12"}],"replies":[{"embeddable":true,"href":"https:\/\/ultimato.com.br\/sites\/fatosecorrelatos\/wp-json\/wp\/v2\/comments?post=35"}],"version-history":[{"count":2,"href":"https:\/\/ultimato.com.br\/sites\/fatosecorrelatos\/wp-json\/wp\/v2\/posts\/35\/revisions"}],"predecessor-version":[{"id":348,"href":"https:\/\/ultimato.com.br\/sites\/fatosecorrelatos\/wp-json\/wp\/v2\/posts\/35\/revisions\/348"}],"wp:attachment":[{"href":"https:\/\/ultimato.com.br\/sites\/fatosecorrelatos\/wp-json\/wp\/v2\/media?parent=35"}],"wp:term":[{"taxonomy":"category","embeddable":true,"href":"https:\/\/ultimato.com.br\/sites\/fatosecorrelatos\/wp-json\/wp\/v2\/categories?post=35"},{"taxonomy":"post_tag","embeddable":true,"href":"https:\/\/ultimato.com.br\/sites\/fatosecorrelatos\/wp-json\/wp\/v2\/tags?post=35"}],"curies":[{"name":"wp","href":"https:\/\/api.w.org\/{rel}","templated":true}]}}