{"id":2548,"date":"2026-02-24T14:26:25","date_gmt":"2026-02-24T17:26:25","guid":{"rendered":"https:\/\/ultimato.com.br\/sites\/fatosecorrelatos\/?p=2548"},"modified":"2026-02-24T14:41:42","modified_gmt":"2026-02-24T17:41:42","slug":"prologo-da-luz","status":"publish","type":"post","link":"https:\/\/ultimato.com.br\/sites\/fatosecorrelatos\/2026\/02\/24\/prologo-da-luz\/","title":{"rendered":"Pr\u00f3logo da Luz"},"content":{"rendered":"<p>&nbsp;<\/p>\n<p style=\"text-align: center;\"><span style=\"color: #808080;\"><em>\u201cHouve um homem enviado por Deus cujo nome era Jo\u00e3o. Este veio como testemunha para que testificasse a respeito da luz, a fim de todos virem a crer por interm\u00e9dio dele. Ele n\u00e3o era a luz, mas veio para que testificasse da luz, a saber, a verdadeira luz, que, vinda ao mundo, ilumina a todo homem\u201d.<\/em><\/span><br \/>\n<span style=\"color: #808080;\"><em>(Jo\u00e3o 1.6-9 \u2013 ARA)<\/em><\/span><\/p>\n<p>&nbsp;<\/p>\n<p>A luz (verdadeira) veio ao mundo e criou um clar\u00e3o em meio \u00e0 escurid\u00e3o que \u00e9 viver. Diante do abismo do cora\u00e7\u00e3o humano, perdidos que estamos, tateando sem ver, enganados pelo odor, textura, <em>status<\/em>, formato e sentido. A exist\u00eancia n\u00e3o passa de tentativas in\u00f3cuas de significa\u00e7\u00f5es infantilizadas.<\/p>\n<p>Somos como um p\u00e1ssaro se banhando no movimento superficial das \u00e1guas de um riacho. Sempre se mexendo, mas nunca mergulhando.<\/p>\n<p>Contra todos os progn\u00f3sticos da humanidade, eis que Deus envia um homem (Jo\u00e3o Batista) para anunciar uma realidade estrondosa \u2013 n\u00e3o um novo imp\u00e9rio pol\u00edtico, n\u00e3o um \u201cpara\u00edso perdido\u201d, n\u00e3o uma f\u00f3rmula secreta da felicidade, n\u00e3o uma revolucion\u00e1ria causa pela qual viver e morrer, mas uma Pessoa.<\/p>\n<p>O Verbo. A Luz. Cheio de gra\u00e7a e verdade (Jo\u00e3o 1.14).\u00a0O pr\u00f3prio Deus feito humanidade, redimindo (de dentro para fora, daqui para l\u00e1) os meandros mais obscuros da alma.<\/p>\n<p>Jo\u00e3o era um homem simples, imperfeito, fr\u00e1gil, limitado, pobre. Sem posi\u00e7\u00e3o social, sem poder, sem <em>glamour<\/em>, sem dinheiro, mas disposto uma ser testemunha fiel de Cristo e a enfrentar a rejei\u00e7\u00e3o do mundo entorpecido pela escurid\u00e3o de quem somos.<\/p>\n<p>Rejeitamos a luz, mas s\u00f3 a luz \u00e9 capaz de resolver nossa rejei\u00e7\u00e3o. Zombamos da bondade, mas s\u00f3 a bondade pode transformar a maldade. Ignoramos o Verbo, mas s\u00f3 o Verbo tem a for\u00e7a para mudar as coisas de lugar. N\u00e3o acreditamos no Homem, mas s\u00f3 o Homem pode salvar a humanidade.<\/p>\n<p>No final das contas, a mensagem \u00e9 esta: ser gente plena \u00e9 o projeto de Deus para o ser humano. Ser gente inteira em Cristo \u00e9 o lugar ideal para come\u00e7armos a crer e recome\u00e7armos a viver. Longe das sombras.<\/p>\n<p>&nbsp;<\/p>\n<h6 style=\"text-align: right;\"><em>Imagem: pixabay<\/em><\/h6>\n","protected":false},"excerpt":{"rendered":"<p>A luz (verdadeira) veio ao mundo e criou um clar\u00e3o em meio \u00e0 escurid\u00e3o que \u00e9 viver. Diante do abismo do cora\u00e7\u00e3o humano, perdidos que estamos, tateando sem ver, enganados pelo odor, textura, status, formato e sentido.<\/p>\n","protected":false},"author":12,"featured_media":2549,"comment_status":"open","ping_status":"open","sticky":false,"template":"","format":"standard","meta":{"ngg_post_thumbnail":0,"footnotes":""},"categories":[8222],"tags":[13,5664,9887,38640,33129,4004,43193],"class_list":["post-2548","post","type-post","status-publish","format-standard","has-post-thumbnail","hentry","category-etc","tag-biblia","tag-joao","tag-luz","tag-palavras","tag-pastorais","tag-pastoral","tag-verbo"],"_links":{"self":[{"href":"https:\/\/ultimato.com.br\/sites\/fatosecorrelatos\/wp-json\/wp\/v2\/posts\/2548","targetHints":{"allow":["GET"]}}],"collection":[{"href":"https:\/\/ultimato.com.br\/sites\/fatosecorrelatos\/wp-json\/wp\/v2\/posts"}],"about":[{"href":"https:\/\/ultimato.com.br\/sites\/fatosecorrelatos\/wp-json\/wp\/v2\/types\/post"}],"author":[{"embeddable":true,"href":"https:\/\/ultimato.com.br\/sites\/fatosecorrelatos\/wp-json\/wp\/v2\/users\/12"}],"replies":[{"embeddable":true,"href":"https:\/\/ultimato.com.br\/sites\/fatosecorrelatos\/wp-json\/wp\/v2\/comments?post=2548"}],"version-history":[{"count":10,"href":"https:\/\/ultimato.com.br\/sites\/fatosecorrelatos\/wp-json\/wp\/v2\/posts\/2548\/revisions"}],"predecessor-version":[{"id":2559,"href":"https:\/\/ultimato.com.br\/sites\/fatosecorrelatos\/wp-json\/wp\/v2\/posts\/2548\/revisions\/2559"}],"wp:featuredmedia":[{"embeddable":true,"href":"https:\/\/ultimato.com.br\/sites\/fatosecorrelatos\/wp-json\/wp\/v2\/media\/2549"}],"wp:attachment":[{"href":"https:\/\/ultimato.com.br\/sites\/fatosecorrelatos\/wp-json\/wp\/v2\/media?parent=2548"}],"wp:term":[{"taxonomy":"category","embeddable":true,"href":"https:\/\/ultimato.com.br\/sites\/fatosecorrelatos\/wp-json\/wp\/v2\/categories?post=2548"},{"taxonomy":"post_tag","embeddable":true,"href":"https:\/\/ultimato.com.br\/sites\/fatosecorrelatos\/wp-json\/wp\/v2\/tags?post=2548"}],"curies":[{"name":"wp","href":"https:\/\/api.w.org\/{rel}","templated":true}]}}