{"id":2383,"date":"2024-04-11T09:22:30","date_gmt":"2024-04-11T12:22:30","guid":{"rendered":"https:\/\/ultimato.com.br\/sites\/fatosecorrelatos\/?p=2383"},"modified":"2024-04-11T17:44:23","modified_gmt":"2024-04-11T20:44:23","slug":"nao-fuja","status":"publish","type":"post","link":"https:\/\/ultimato.com.br\/sites\/fatosecorrelatos\/2024\/04\/11\/nao-fuja\/","title":{"rendered":"N\u00e3o fuja!"},"content":{"rendered":"<p>&nbsp;<\/p>\n<p>&nbsp;<\/p>\n<h4 style=\"text-align: center;\"><span style=\"color: #993300;\"><em>\u201cNo Senhor me refugio. Como ent\u00e3o voc\u00eas podem dizer-me: \u2018Fuja como um p\u00e1ssaro para os montes?\u2019\u201d. (Sl 11.1 &#8211; NVI)<\/em><\/span><\/h4>\n<p>&nbsp;<\/p>\n<p>Foge quem n\u00e3o tem onde se refugiar, quem se sente completamente desprotegido. O salmista n\u00e3o considera a fuga como op\u00e7\u00e3o para ele porque cr\u00ea que Deus o acolhe no dia do perigo, no momento em que o medo se apodera de seu cora\u00e7\u00e3o.<\/p>\n<div id=\"attachment_2387\" style=\"width: 290px\" class=\"wp-caption alignright\"><a href=\"https:\/\/ultimato.com.br\/sites\/fatosecorrelatos\/files\/2024\/04\/escada_bunk_albania.jpeg\" class=\"lightview\" data-lightview-group=\"group-2383\" data-lightview-options=\"skin: 'dark', controls: 'relative', padding: '10', shadow: { color: '#000000', opacity: 0.08, blur: 3 }\"><img loading=\"lazy\" decoding=\"async\" aria-describedby=\"caption-attachment-2387\" class=\"wp-image-2387\" src=\"https:\/\/ultimato.com.br\/sites\/fatosecorrelatos\/files\/2024\/04\/escada_bunk_albania-225x300.jpeg\" alt=\"\" width=\"280\" height=\"373\" srcset=\"https:\/\/ultimato.com.br\/sites\/fatosecorrelatos\/files\/2024\/04\/escada_bunk_albania-225x300.jpeg 225w, https:\/\/ultimato.com.br\/sites\/fatosecorrelatos\/files\/2024\/04\/escada_bunk_albania-768x1024.jpeg 768w, https:\/\/ultimato.com.br\/sites\/fatosecorrelatos\/files\/2024\/04\/escada_bunk_albania-732x976.jpeg 732w, https:\/\/ultimato.com.br\/sites\/fatosecorrelatos\/files\/2024\/04\/escada_bunk_albania.jpeg 960w\" sizes=\"auto, (max-width: 280px) 100vw, 280px\" \/><\/a><p id=\"caption-attachment-2387\" class=\"wp-caption-text\">Escada e sa\u00edda do bunk que visitei em 2022 em Tirana, Alb\u00e2nia.<\/p><\/div>\n<p>Quando visitei Tirana (capital da Alb\u00e2nia) em 2022, fiquei impressionado com a quantidade de <em>bunkers<\/em> (casamatas) espalhados pela cidade. Li depois que s\u00e3o 700 mil em todo o pa\u00eds, que foram constru\u00eddos ao longo de 40 anos por Enver Hoxha, o l\u00edder da na\u00e7\u00e3o, como pol\u00edtica de um programa nacional de defesa. Eu visitei um desses abrigos subterr\u00e2neos no centro de Tirana, que se tornou um museu cheio de salas e exposi\u00e7\u00f5es sobre a hist\u00f3ria sangrenta da Alb\u00e2nia. O pr\u00f3prio Hoxha construiu um <em>bunk<\/em> luxuoso para ele.<\/p>\n<p>Mas n\u00e3o h\u00e1 <em>bunk<\/em> ou caverna que possa garantir a vida eterna. N\u00e3o h\u00e1 torre que seja segura o suficiente para nos garantir o futuro. A vida \u00e9 fr\u00e1gil demais para nossos esfor\u00e7os humanos.<\/p>\n<p>Deus \u00e9 a realidade que nos conduz at\u00e9 os \u201cpastos verdejantes\u201d (Sl 23). Primeiro, ele nos acolhe por sua gra\u00e7a; depois, nos cura e nos revela nossa verdadeira identidade em Cristo. Em seguida, o Senhor nos concede um misto de depend\u00eancia e de coragem para continuarmos prosseguindo em meio aos perigos da vida. Depend\u00eancia Dele, como filhos amados que somos; coragem que nasce na convic\u00e7\u00e3o de que Ele \u00e9 rocha eterna e tem planos que, de fato, est\u00e3o transformando o mundo. Deus nos eleva como \u00e1guias para que possamos enxergar melhor a realidade e faz com que a estrela da manh\u00e3 brilhe em nossos cora\u00e7\u00f5es (2 Pe 1.19). Ele traz clareza e discernimento.<\/p>\n<p>O Senhor \u00e9 nosso farol que ilumina as \u201cnoites escuras da alma\u201d. Ele \u00e9 a sombra que alivia os efeitos dos raios do sol em nossa caminhada. Ele \u00e9 o \u201ccaminho, a verdade e a vida\u201d (Jo 14.6).<\/p>\n<p>Diante disso tudo, eu pergunto: por que fugir\u00edamos?<\/p>\n<p>&nbsp;<\/p>\n<hr \/>\n<p>Foto: <a href=\"https:\/\/pixabay.com\/pt\/photos\/gaivotas-canoa-p%C3%A1ssaros-mar-8583786\/\">Pixbay<\/a><\/p>\n","protected":false},"excerpt":{"rendered":"<p>Foge quem n\u00e3o tem onde se refugiar, quem se sente completamente desprotegido. O salmista n\u00e3o considera a fuga como op\u00e7\u00e3o para ele porque cr\u00ea que Deus o acolhe no dia do perigo, no momento em que o medo se apodera de seu cora\u00e7\u00e3o.<\/p>\n","protected":false},"author":12,"featured_media":2384,"comment_status":"open","ping_status":"open","sticky":false,"template":"","format":"standard","meta":{"ngg_post_thumbnail":0,"footnotes":""},"categories":[8222],"tags":[45451,45450,5978],"class_list":["post-2383","post","type-post","status-publish","format-standard","has-post-thumbnail","hentry","category-etc","tag-coragem","tag-medo","tag-salmos"],"_links":{"self":[{"href":"https:\/\/ultimato.com.br\/sites\/fatosecorrelatos\/wp-json\/wp\/v2\/posts\/2383","targetHints":{"allow":["GET"]}}],"collection":[{"href":"https:\/\/ultimato.com.br\/sites\/fatosecorrelatos\/wp-json\/wp\/v2\/posts"}],"about":[{"href":"https:\/\/ultimato.com.br\/sites\/fatosecorrelatos\/wp-json\/wp\/v2\/types\/post"}],"author":[{"embeddable":true,"href":"https:\/\/ultimato.com.br\/sites\/fatosecorrelatos\/wp-json\/wp\/v2\/users\/12"}],"replies":[{"embeddable":true,"href":"https:\/\/ultimato.com.br\/sites\/fatosecorrelatos\/wp-json\/wp\/v2\/comments?post=2383"}],"version-history":[{"count":8,"href":"https:\/\/ultimato.com.br\/sites\/fatosecorrelatos\/wp-json\/wp\/v2\/posts\/2383\/revisions"}],"predecessor-version":[{"id":2393,"href":"https:\/\/ultimato.com.br\/sites\/fatosecorrelatos\/wp-json\/wp\/v2\/posts\/2383\/revisions\/2393"}],"wp:featuredmedia":[{"embeddable":true,"href":"https:\/\/ultimato.com.br\/sites\/fatosecorrelatos\/wp-json\/wp\/v2\/media\/2384"}],"wp:attachment":[{"href":"https:\/\/ultimato.com.br\/sites\/fatosecorrelatos\/wp-json\/wp\/v2\/media?parent=2383"}],"wp:term":[{"taxonomy":"category","embeddable":true,"href":"https:\/\/ultimato.com.br\/sites\/fatosecorrelatos\/wp-json\/wp\/v2\/categories?post=2383"},{"taxonomy":"post_tag","embeddable":true,"href":"https:\/\/ultimato.com.br\/sites\/fatosecorrelatos\/wp-json\/wp\/v2\/tags?post=2383"}],"curies":[{"name":"wp","href":"https:\/\/api.w.org\/{rel}","templated":true}]}}