{"id":2370,"date":"2024-04-01T14:34:24","date_gmt":"2024-04-01T17:34:24","guid":{"rendered":"https:\/\/ultimato.com.br\/sites\/fatosecorrelatos\/?p=2370"},"modified":"2024-04-11T17:46:28","modified_gmt":"2024-04-11T20:46:28","slug":"ao-nascer-do-sol-nos-encontramos","status":"publish","type":"post","link":"https:\/\/ultimato.com.br\/sites\/fatosecorrelatos\/2024\/04\/01\/ao-nascer-do-sol-nos-encontramos\/","title":{"rendered":"Ao nascer do sol, nos encontramos"},"content":{"rendered":"<p>Os mosquitos sobrevoavam os rostos das pessoas, como se eles estivessem em um parque de divers\u00f5es. O frio do fim da madrugada nos fazia apertar o pr\u00f3prio corpo com os bra\u00e7os. Algumas crian\u00e7as dormiam nos colos de suas m\u00e3es como se ainda estivessem em suas casas.<\/p>\n<p>Mas a verdade \u00e9 que o lugar escolhido revelava bem mais do que paisagens conhecidas ou inc\u00f4modos circunstanciais. O gramado, o momento, o horizonte acidentado e colorido, as \u00e1rvores ao fundo em tons verdes e, sobretudo, o sol pujante nascendo\u2026 tudo ecoava uma realidade transcendente que nos visitava exatamente naquele instante. Ecos t\u00e3o fortes que mais pareciam vozes, de fato.<\/p>\n<p>Cantamos, oramos, sorrimos, choramos e aguardamos o novo dia. A Palavra lida nos convocava para experimentar o gosto da ressurrei\u00e7\u00e3o a cada dia: &#8220;todo dia \u00e9 domingo!&#8221;. A P\u00e1scoa era o assunto, e dentro de n\u00f3s crescia uma alegre expectativa de que tudo aquilo nos fizesse ter sentido.<\/p>\n<p>Assim como a \u00e1gua jorrando da fonte entre as rochas lava a roupa suja, fazendo resplandecer o brilho do branco, quer\u00edamos que a celebra\u00e7\u00e3o da P\u00e1scoa naquela hora, naquele lugar, daquela forma, com aquelas pessoas lavasse nossa turva compreens\u00e3o da vida \u2013 por vezes, bagun\u00e7ada pelas dores do mundo e pelos pecados de nosso cora\u00e7\u00e3o.<\/p>\n<p>Sim, era domingo. O sol estava chegando. Nossos olhos ent\u00e3o se recolheram por conta da abundante luz. Era a hora de renovar os sentidos e de assumir, mais uma vez, o compromisso de enfrentar o mundo com olhos voltados para o Senhor, batizados pelo poder do Esp\u00edrito que ressuscita mortos.<\/p>\n<p>A cerim\u00f4nia n\u00e3o foi demorada e, logo em seguida, mesas postas e repletas de comida trazida por in\u00fameras fam\u00edlias, nos convidavam a saborear as conex\u00f5es simples, mas felizes. Era a segunda parte da liturgia \u2013 essa mais espont\u00e2nea e diversa. Com\u00edamos e convers\u00e1vamos sobre o que acabara de acontecer, sobre Deus e sobre n\u00f3s mesmos. N\u00e3o era necess\u00e1rio pronunciar a palavra \u201cesperan\u00e7a\u201d, mas ela estava l\u00e1 o tempo todo, entre n\u00f3s e dentro de n\u00f3s.<\/p>\n<p>O impacto da P\u00e1scoa est\u00e1 exatamente na sincronia entre a presen\u00e7a divina e a nossa; entre os planos de Deus e a entrega dos nossos a ele; entre a percep\u00e7\u00e3o individual e a coletiva de que a luz que hoje nos aquece \u00e9 sinal de um futuro repleto de alegria, assim como a sensa\u00e7\u00e3o de um \u201cdever cumprido\u201d (ou \u201cest\u00e1 consumado\u201d, como diria Cristo).<\/p>\n<p>\u00c9 que o \u201cEst\u00e1 Consumado\u201d n\u00e3o fala apenas de um passado vitorioso de Jesus, mas de um presente que \u00e9 fruto desse passado, renovando continuamente os efeitos de t\u00e3o grande vit\u00f3ria.<\/p>\n<p>Ao final, j\u00e1 nas despedidas, surgiu um pensamento profundo e transformador: \u201csim, o melhor ainda est\u00e1 por vir!\u201d. E o sol nos \u00e9 testemunha.<\/p>\n<p>Aleluia!<\/p>\n","protected":false},"excerpt":{"rendered":"<p>Sim, era domingo. O sol estava chegando. Nossos olhos ent\u00e3o se recolheram por conta da abundante luz. Era a hora de renovar os sentidos e de assumir, mais uma vez, o compromisso de enfrentar o mundo com olhos voltados para o Senhor, batizados pelo poder do Esp\u00edrito que ressuscita mortos.<\/p>\n","protected":false},"author":12,"featured_media":2371,"comment_status":"open","ping_status":"open","sticky":false,"template":"","format":"standard","meta":{"ngg_post_thumbnail":0,"footnotes":""},"categories":[24533,8222],"tags":[5851,5946],"class_list":["post-2370","post","type-post","status-publish","format-standard","has-post-thumbnail","hentry","category-cronicas-biblicas","category-etc","tag-pascoa","tag-ressurreicao"],"_links":{"self":[{"href":"https:\/\/ultimato.com.br\/sites\/fatosecorrelatos\/wp-json\/wp\/v2\/posts\/2370","targetHints":{"allow":["GET"]}}],"collection":[{"href":"https:\/\/ultimato.com.br\/sites\/fatosecorrelatos\/wp-json\/wp\/v2\/posts"}],"about":[{"href":"https:\/\/ultimato.com.br\/sites\/fatosecorrelatos\/wp-json\/wp\/v2\/types\/post"}],"author":[{"embeddable":true,"href":"https:\/\/ultimato.com.br\/sites\/fatosecorrelatos\/wp-json\/wp\/v2\/users\/12"}],"replies":[{"embeddable":true,"href":"https:\/\/ultimato.com.br\/sites\/fatosecorrelatos\/wp-json\/wp\/v2\/comments?post=2370"}],"version-history":[{"count":8,"href":"https:\/\/ultimato.com.br\/sites\/fatosecorrelatos\/wp-json\/wp\/v2\/posts\/2370\/revisions"}],"predecessor-version":[{"id":2395,"href":"https:\/\/ultimato.com.br\/sites\/fatosecorrelatos\/wp-json\/wp\/v2\/posts\/2370\/revisions\/2395"}],"wp:featuredmedia":[{"embeddable":true,"href":"https:\/\/ultimato.com.br\/sites\/fatosecorrelatos\/wp-json\/wp\/v2\/media\/2371"}],"wp:attachment":[{"href":"https:\/\/ultimato.com.br\/sites\/fatosecorrelatos\/wp-json\/wp\/v2\/media?parent=2370"}],"wp:term":[{"taxonomy":"category","embeddable":true,"href":"https:\/\/ultimato.com.br\/sites\/fatosecorrelatos\/wp-json\/wp\/v2\/categories?post=2370"},{"taxonomy":"post_tag","embeddable":true,"href":"https:\/\/ultimato.com.br\/sites\/fatosecorrelatos\/wp-json\/wp\/v2\/tags?post=2370"}],"curies":[{"name":"wp","href":"https:\/\/api.w.org\/{rel}","templated":true}]}}