{"id":2359,"date":"2024-03-23T11:09:03","date_gmt":"2024-03-23T14:09:03","guid":{"rendered":"https:\/\/ultimato.com.br\/sites\/fatosecorrelatos\/?p=2359"},"modified":"2024-03-23T11:10:05","modified_gmt":"2024-03-23T14:10:05","slug":"nao-comemore-a-pascoa-sozinho","status":"publish","type":"post","link":"https:\/\/ultimato.com.br\/sites\/fatosecorrelatos\/2024\/03\/23\/nao-comemore-a-pascoa-sozinho\/","title":{"rendered":"N\u00e3o comemore a P\u00e1scoa sozinho"},"content":{"rendered":"<p><a href=\"https:\/\/ultimato.com.br\/sites\/fatosecorrelatos\/files\/2024\/03\/children-887393_1280.jpg\" class=\"lightview\" data-lightview-group=\"group-2359\" data-lightview-options=\"skin: 'dark', controls: 'relative', padding: '10', shadow: { color: '#000000', opacity: 0.08, blur: 3 }\"><img loading=\"lazy\" decoding=\"async\" class=\"alignright wp-image-2361\" src=\"https:\/\/ultimato.com.br\/sites\/fatosecorrelatos\/files\/2024\/03\/children-887393_1280-1024x682.jpg\" alt=\"\" width=\"450\" height=\"300\" srcset=\"https:\/\/ultimato.com.br\/sites\/fatosecorrelatos\/files\/2024\/03\/children-887393_1280-1024x682.jpg 1024w, https:\/\/ultimato.com.br\/sites\/fatosecorrelatos\/files\/2024\/03\/children-887393_1280-300x200.jpg 300w, https:\/\/ultimato.com.br\/sites\/fatosecorrelatos\/files\/2024\/03\/children-887393_1280-768x512.jpg 768w, https:\/\/ultimato.com.br\/sites\/fatosecorrelatos\/files\/2024\/03\/children-887393_1280-732x488.jpg 732w, https:\/\/ultimato.com.br\/sites\/fatosecorrelatos\/files\/2024\/03\/children-887393_1280-1140x760.jpg 1140w, https:\/\/ultimato.com.br\/sites\/fatosecorrelatos\/files\/2024\/03\/children-887393_1280.jpg 1280w\" sizes=\"auto, (max-width: 450px) 100vw, 450px\" \/><\/a>A P\u00e1scoa \u00e9 uma festa coletiva com um significado comunit\u00e1rio. \u00c9 um marco para a forma\u00e7\u00e3o do Povo de Deus. Na P\u00e1scoa, a fam\u00edlia \u00e9 o escopo social para a jornada de reden\u00e7\u00e3o de Deus em Jesus Cristo. A refei\u00e7\u00e3o simples e urgente, com o preparo do cordeiro, do p\u00e3o e das ervas amargas (Ex 12.1-28), nos lembra a import\u00e2ncia da mesa como um preparo para a jornada.<\/p>\n<p>A P\u00e1scoa no Novo Testamento mant\u00e9m esse sentido, ou seja, a ceia em grupo aponta para a obra de Jesus denunciando falsidades e redimindo rela\u00e7\u00f5es (Mc 14.12-26).<\/p>\n<p>H\u00e1 diferentes formas de celebrar a P\u00e1scoa, mas de uma coisa voc\u00ea n\u00e3o deve abrir m\u00e3o: comemore junto com outros. Encontre-se com a fam\u00edlia ou amigos ou uma comunidade de f\u00e9. Converse sobre o poder dessa mensagem e compartilhe sua hist\u00f3ria de P\u00e1scoa. Cante e adore a Deus \u2013 o Senhor de todos os povos, que est\u00e1 redimindo o seu povo para a gl\u00f3ria dEle.<\/p>\n<p>Uma sugest\u00e3o: use meu e-book <strong><a href=\"https:\/\/ultimato.com.br\/sites\/fatosecorrelatos\/files\/2024\/03\/44.31-a-pascoa-em-pequenos-grupos-ebook.pdf\">A P\u00e1scoa em Pequenos Grupos<\/a><\/strong> (Ultimato) como guia para desenvolver di\u00e1logos b\u00edblicos em grupo. \u00c9 gratuito.<\/p>\n<p>Feliz P\u00e1scoa!<\/p>\n<p>&nbsp;<\/p>\n<p><em>Foto: Imagem de\u00a0<a href=\"https:\/\/pixabay.com\/pt\/users\/simple_tunchi0-1298564\/?utm_source=link-attribution&amp;utm_medium=referral&amp;utm_campaign=image&amp;utm_content=887393\">simple_tunchi0<\/a>\u00a0por\u00a0<a href=\"https:\/\/pixabay.com\/pt\/\/?utm_source=link-attribution&amp;utm_medium=referral&amp;utm_campaign=image&amp;utm_content=887393\">Pixabay<\/a><\/em><\/p>\n","protected":false},"excerpt":{"rendered":"<p>A P\u00e1scoa \u00e9 uma festa coletiva com um significado comunit\u00e1rio. \u00c9 um marco para a forma\u00e7\u00e3o do Povo de Deus. Na P\u00e1scoa, a fam\u00edlia \u00e9 o escopo social para a jornada de reden\u00e7\u00e3o de Deus em Jesus Cristo. A refei\u00e7\u00e3o simples e urgente, com o preparo do cordeiro, do p\u00e3o e das ervas amargas (Ex [&hellip;]<\/p>\n","protected":false},"author":12,"featured_media":0,"comment_status":"open","ping_status":"open","sticky":false,"template":"","format":"standard","meta":{"ngg_post_thumbnail":0,"footnotes":""},"categories":[136],"tags":[5851,45443],"class_list":["post-2359","post","type-post","status-publish","format-standard","hentry","category-livros","tag-pascoa","tag-pequenos-grupos"],"_links":{"self":[{"href":"https:\/\/ultimato.com.br\/sites\/fatosecorrelatos\/wp-json\/wp\/v2\/posts\/2359","targetHints":{"allow":["GET"]}}],"collection":[{"href":"https:\/\/ultimato.com.br\/sites\/fatosecorrelatos\/wp-json\/wp\/v2\/posts"}],"about":[{"href":"https:\/\/ultimato.com.br\/sites\/fatosecorrelatos\/wp-json\/wp\/v2\/types\/post"}],"author":[{"embeddable":true,"href":"https:\/\/ultimato.com.br\/sites\/fatosecorrelatos\/wp-json\/wp\/v2\/users\/12"}],"replies":[{"embeddable":true,"href":"https:\/\/ultimato.com.br\/sites\/fatosecorrelatos\/wp-json\/wp\/v2\/comments?post=2359"}],"version-history":[{"count":3,"href":"https:\/\/ultimato.com.br\/sites\/fatosecorrelatos\/wp-json\/wp\/v2\/posts\/2359\/revisions"}],"predecessor-version":[{"id":2365,"href":"https:\/\/ultimato.com.br\/sites\/fatosecorrelatos\/wp-json\/wp\/v2\/posts\/2359\/revisions\/2365"}],"wp:attachment":[{"href":"https:\/\/ultimato.com.br\/sites\/fatosecorrelatos\/wp-json\/wp\/v2\/media?parent=2359"}],"wp:term":[{"taxonomy":"category","embeddable":true,"href":"https:\/\/ultimato.com.br\/sites\/fatosecorrelatos\/wp-json\/wp\/v2\/categories?post=2359"},{"taxonomy":"post_tag","embeddable":true,"href":"https:\/\/ultimato.com.br\/sites\/fatosecorrelatos\/wp-json\/wp\/v2\/tags?post=2359"}],"curies":[{"name":"wp","href":"https:\/\/api.w.org\/{rel}","templated":true}]}}