{"id":2350,"date":"2024-03-19T10:06:01","date_gmt":"2024-03-19T13:06:01","guid":{"rendered":"https:\/\/ultimato.com.br\/sites\/fatosecorrelatos\/?p=2350"},"modified":"2024-03-19T10:07:07","modified_gmt":"2024-03-19T13:07:07","slug":"a-perigosa-decisao-de-definir-pecadores","status":"publish","type":"post","link":"https:\/\/ultimato.com.br\/sites\/fatosecorrelatos\/2024\/03\/19\/a-perigosa-decisao-de-definir-pecadores\/","title":{"rendered":"A perigosa decis\u00e3o de definir pecadores"},"content":{"rendered":"<p><a href=\"https:\/\/ultimato.com.br\/sites\/fatosecorrelatos\/files\/2024\/03\/direction-1293809_1280.png\" class=\"lightview\" data-lightview-group=\"group-2350\" data-lightview-options=\"skin: 'dark', controls: 'relative', padding: '10', shadow: { color: '#000000', opacity: 0.08, blur: 3 }\"><img loading=\"lazy\" decoding=\"async\" class=\"alignleft wp-image-2353\" src=\"https:\/\/ultimato.com.br\/sites\/fatosecorrelatos\/files\/2024\/03\/direction-1293809_1280-300x150.png\" alt=\"\" width=\"350\" height=\"175\" srcset=\"https:\/\/ultimato.com.br\/sites\/fatosecorrelatos\/files\/2024\/03\/direction-1293809_1280-300x150.png 300w, https:\/\/ultimato.com.br\/sites\/fatosecorrelatos\/files\/2024\/03\/direction-1293809_1280-1024x512.png 1024w, https:\/\/ultimato.com.br\/sites\/fatosecorrelatos\/files\/2024\/03\/direction-1293809_1280-768x384.png 768w, https:\/\/ultimato.com.br\/sites\/fatosecorrelatos\/files\/2024\/03\/direction-1293809_1280-732x366.png 732w, https:\/\/ultimato.com.br\/sites\/fatosecorrelatos\/files\/2024\/03\/direction-1293809_1280-1140x570.png 1140w, https:\/\/ultimato.com.br\/sites\/fatosecorrelatos\/files\/2024\/03\/direction-1293809_1280.png 1280w\" sizes=\"auto, (max-width: 350px) 100vw, 350px\" \/><\/a>\u00c9 f\u00e1cil definir pecadores. \u00c9 f\u00e1cil estabelecer padr\u00f5es espirituais e morais a partir da nossa compreens\u00e3o idealizada do que \u00e9 certo. No entanto, nem sempre estamos certos, e isso \u00e9 perigoso.<\/p>\n<p>Jesus advertiu seus disc\u00edpulos quanto ao erro de julgar os outros a partir das circunst\u00e2ncias negativas pelas quais eles passam. Foi o caso das dezoitos pessoas que morreram quando uma torre caiu em cima delas. N\u00e3o bastasse a trag\u00e9dia, alguns estavam considerando que as v\u00edtimas eram \u201cpiores pecadores\u201d por conta daquele triste fim (Lc 13.1-5).<\/p>\n<p>Jesus, ent\u00e3o, direcionou o olhar dos seus ouvintes \u2013 n\u00e3o para os defeitos dos outros, mas para si pr\u00f3prios.<\/p>\n<p><em>\u201cVoc\u00eas pensam que eles eram piores do que os outros que moravam em Jerusal\u00e9m? De modo nenhum! Eu afirmo a voc\u00eas que, se n\u00e3o se arrependerem dos seus pecados, todos voc\u00eas v\u00e3o morrer como eles morreram\u201d (5).<\/em><\/p>\n<p>Infelizmente, o <a href=\"https:\/\/www.ultimato.com.br\/revista\/artigos\/312\/doencas-nao-catalogadas-pela-medicina-que-podem-e-devem-ser-tratadas\">pecado permeia o mundo<\/a>, destruindo sonhos, fragmentando virtudes, minando a alegria e assassinando a esperan\u00e7a. Por conta do pecado, somos convencidos a n\u00e3o precisar de Deus e a caminhar pela terra por nossas pr\u00f3prias for\u00e7as.<\/p>\n<blockquote>\n<h3 style=\"text-align: right;\"><span style=\"color: #993300;\">O pecado permeia o mundo, destruindo sonhos, fragmentando virtudes, minando a alegria e assassinando a esperan\u00e7a. <\/span><\/h3>\n<\/blockquote>\n<p>Diante de um cora\u00e7\u00e3o de pedra, o <a href=\"https:\/\/www.ultimato.com.br\/revista\/artigos\/318\/a-graca-nao-e-de-graca\">arrependimento<\/a> \u00e9 um milagre. Dele jorra \u00e1gua l\u00edmpida que irriga cada canto de nossa alma e nos faz reviver. Jesus sabia muito bem qual a import\u00e2ncia do arrependimento; afinal, este foi o principal imperativo de seus serm\u00f5es (Mt 3.2-12).<\/p>\n<p>Arrependidos, deixamos de olhar para o outro, e passamos a fazer um exame minucioso de nossas mazelas e contradi\u00e7\u00f5es. Disso brota uma das ora\u00e7\u00f5es mais sinceras que podemos fazer:<\/p>\n<p><em>\u201cSonda-me, \u00f3 Deus, e conhece o meu cora\u00e7\u00e3o; prova-me, e conhece os meus pensamentos; v\u00ea se h\u00e1 em mim algum caminho perverso, e guia-me pelo caminho eterno\u201d (Sl 139:23,24).<\/em><\/p>\n<p>A espiritualidade crist\u00e3 come\u00e7a nesse olhar para dentro de n\u00f3s, antes de olharmos para fora. Afinal, \u201ctodas estas m\u00e1s coisas procedem de dentro e contaminam o homem\u201d (Mc 7:23).<\/p>\n<p>A igreja evang\u00e9lica precisa voltar \u00e0s ra\u00edzes \u2013 as hist\u00f3ricas e as existenciais. Precisamos obedecer ao que Cristo nos ensina: arrepender-se para assim se tornar relevante. N\u00e3o h\u00e1 relev\u00e2ncia verdadeira sem antes um sincero reconhecimento de quem somos.<\/p>\n<p>E quanto a mim, quero repetir a ora\u00e7\u00e3o do salmista: \u201csonda-me, \u00f3 Deus!\u201d.<\/p>\n<p>Am\u00e9m.<\/p>\n<hr \/>\n<p><em>Imagem de\u00a0<a href=\"https:\/\/pixabay.com\/pt\/users\/openclipart-vectors-30363\/?utm_source=link-attribution&amp;utm_medium=referral&amp;utm_campaign=image&amp;utm_content=1293809\">OpenClipart-Vectors<\/a>\u00a0por\u00a0<a href=\"https:\/\/pixabay.com\/pt\/\/?utm_source=link-attribution&amp;utm_medium=referral&amp;utm_campaign=image&amp;utm_content=1293809\">Pixabay<\/a><\/em><\/p>\n","protected":false},"excerpt":{"rendered":"<p>\u00c9 f\u00e1cil definir pecadores. \u00c9 f\u00e1cil estabelecer padr\u00f5es espirituais e morais a partir da nossa compreens\u00e3o idealizada do que \u00e9 certo. No entanto, nem sempre estamos certos, e isso \u00e9 perigoso. Jesus advertiu seus disc\u00edpulos quanto ao erro de julgar os outros a partir das circunst\u00e2ncias negativas pelas quais eles passam. Foi o caso das [&hellip;]<\/p>\n","protected":false},"author":12,"featured_media":0,"comment_status":"open","ping_status":"open","sticky":false,"template":"","format":"standard","meta":{"ngg_post_thumbnail":0,"footnotes":""},"categories":[],"tags":[45442,45440,45441],"class_list":["post-2350","post","type-post","status-publish","format-standard","hentry","tag-julgamento","tag-julgar","tag-pecado"],"_links":{"self":[{"href":"https:\/\/ultimato.com.br\/sites\/fatosecorrelatos\/wp-json\/wp\/v2\/posts\/2350","targetHints":{"allow":["GET"]}}],"collection":[{"href":"https:\/\/ultimato.com.br\/sites\/fatosecorrelatos\/wp-json\/wp\/v2\/posts"}],"about":[{"href":"https:\/\/ultimato.com.br\/sites\/fatosecorrelatos\/wp-json\/wp\/v2\/types\/post"}],"author":[{"embeddable":true,"href":"https:\/\/ultimato.com.br\/sites\/fatosecorrelatos\/wp-json\/wp\/v2\/users\/12"}],"replies":[{"embeddable":true,"href":"https:\/\/ultimato.com.br\/sites\/fatosecorrelatos\/wp-json\/wp\/v2\/comments?post=2350"}],"version-history":[{"count":7,"href":"https:\/\/ultimato.com.br\/sites\/fatosecorrelatos\/wp-json\/wp\/v2\/posts\/2350\/revisions"}],"predecessor-version":[{"id":2358,"href":"https:\/\/ultimato.com.br\/sites\/fatosecorrelatos\/wp-json\/wp\/v2\/posts\/2350\/revisions\/2358"}],"wp:attachment":[{"href":"https:\/\/ultimato.com.br\/sites\/fatosecorrelatos\/wp-json\/wp\/v2\/media?parent=2350"}],"wp:term":[{"taxonomy":"category","embeddable":true,"href":"https:\/\/ultimato.com.br\/sites\/fatosecorrelatos\/wp-json\/wp\/v2\/categories?post=2350"},{"taxonomy":"post_tag","embeddable":true,"href":"https:\/\/ultimato.com.br\/sites\/fatosecorrelatos\/wp-json\/wp\/v2\/tags?post=2350"}],"curies":[{"name":"wp","href":"https:\/\/api.w.org\/{rel}","templated":true}]}}