{"id":2339,"date":"2024-03-08T17:09:45","date_gmt":"2024-03-08T20:09:45","guid":{"rendered":"https:\/\/ultimato.com.br\/sites\/fatosecorrelatos\/?p=2339"},"modified":"2024-03-08T17:12:11","modified_gmt":"2024-03-08T20:12:11","slug":"a-caverna-de-elias","status":"publish","type":"post","link":"https:\/\/ultimato.com.br\/sites\/fatosecorrelatos\/2024\/03\/08\/a-caverna-de-elias\/","title":{"rendered":"A caverna de Elias"},"content":{"rendered":"<p><a href=\"https:\/\/ultimato.com.br\/sites\/fatosecorrelatos\/files\/2024\/03\/Ikone-des-Hl-Propheten-Gottes-Elias.jpg\" class=\"lightview\" data-lightview-group=\"group-2339\" data-lightview-options=\"skin: 'dark', controls: 'relative', padding: '10', shadow: { color: '#000000', opacity: 0.08, blur: 3 }\"><img loading=\"lazy\" decoding=\"async\" class=\"aligncenter wp-image-2340\" src=\"https:\/\/ultimato.com.br\/sites\/fatosecorrelatos\/files\/2024\/03\/Ikone-des-Hl-Propheten-Gottes-Elias.jpg\" alt=\"\" width=\"600\" height=\"400\" srcset=\"https:\/\/ultimato.com.br\/sites\/fatosecorrelatos\/files\/2024\/03\/Ikone-des-Hl-Propheten-Gottes-Elias.jpg 900w, https:\/\/ultimato.com.br\/sites\/fatosecorrelatos\/files\/2024\/03\/Ikone-des-Hl-Propheten-Gottes-Elias-300x200.jpg 300w, https:\/\/ultimato.com.br\/sites\/fatosecorrelatos\/files\/2024\/03\/Ikone-des-Hl-Propheten-Gottes-Elias-768x512.jpg 768w, https:\/\/ultimato.com.br\/sites\/fatosecorrelatos\/files\/2024\/03\/Ikone-des-Hl-Propheten-Gottes-Elias-732x488.jpg 732w\" sizes=\"auto, (max-width: 600px) 100vw, 600px\" \/><\/a><\/p>\n<p>&nbsp;<\/p>\n<p><span style=\"color: #993300;\"><strong>\u201cO que voc\u00ea est\u00e1 fazendo aqui, Elias?\u201d,<\/strong><\/span> Deus perguntou por duas vezes. Em sua resposta, o profeta tentou explicar como o cen\u00e1rio estava totalmente desfavor\u00e1vel. Todos haviam rejeitado a alian\u00e7a \u2013 exceto ele. Mas seu zelo a Deus o havia deixado sozinho.<\/p>\n<p>Ap\u00f3s pedir a morte (\u201cJ\u00e1 tive o bastante, Senhor\u201d), perambulou no deserto por 40 dias e 40 noites. Foi ent\u00e3o que chegou ao Horebe \u2013 o monte de Deus. T\u00e3o perto assim do Divino, ele decidiu se esconder em uma caverna.<\/p>\n<p>O que fez Elias preferir um esconderijo que a presen\u00e7a de Deus? Aquele outrora corajoso profeta, agora estava trancafiado na escurid\u00e3o do medo.<\/p>\n<p>Diante das amea\u00e7as de Jesabel, Elias concluiu que tudo o que ele havia vivido n\u00e3o era forte o suficiente para ajud\u00e1-lo a enfrentar o mal. Olhando apenas para si mesmo, foi tentado a se esconder \u2013 de tudo e de todos. At\u00e9 de Deus.<\/p>\n<p>Deus n\u00e3o estava na caverna, mas sua voz ecoou no interior escuro e frio para falar com Elias. O velho profeta estava chegando \u00e0 fase final de sua vida vocacional, mas o Eterno o mostrou que sua miss\u00e3o n\u00e3o havia terminado. Elias ainda precisava liderar algumas transi\u00e7\u00f5es de lideran\u00e7a: ungir Hazael (como rei da S\u00edria), Je\u00fa (como rei de Israel) e Eliseu (como seu sucessor).<\/p>\n<p>Apesar de tantas experi\u00eancias incr\u00edveis em nome do Senhor, ele estava confuso e n\u00e3o conseguia discernir direito aquela Presen\u00e7a. Ele foi zeloso a vida toda, mas, por um momento, perdeu o discernimento.<\/p>\n<p>Deus, por sua vez, olhou para as vulnerabilidades daquele homem e reagiu. Primeiro, ele alimentou Elias no deserto, quando este s\u00f3 queria morrer; depois, Deus se revelou a Elias quando aquele homem s\u00f3 tinha olhos para si mesmo. E, por fim, renovou a miss\u00e3o de Elias quando o profeta pensara que o final havia chegado. \u201cVolte pelo caminho de onde veio\u201d, disse Ele.<\/p>\n<p>Deus n\u00e3o estava na caverna, mas foi at\u00e9 l\u00e1 para retirar Elias daquele f\u00fanebre lugar. Sua voz levou o profeta de volta \u00e0 vida e o fez ver um horizonte amplo e desafiador.<\/p>\n<blockquote>\n<h3 style=\"text-align: right;\">Sou o profeta que foge. Sou o homem das cavernas.<\/h3>\n<\/blockquote>\n<p>Eu sou Elias. Sou o profeta que foge. Sou o homem das cavernas. Sou aquele que quer desistir antes da hora, que se fecha no universo escuro da alma. Sou aquele que duvida de sua pr\u00f3pria voca\u00e7\u00e3o. Sou o que deixa o medo dominar meus sentidos.<\/p>\n<p>O deserto n\u00e3o me leva ao o\u00e1sis, mas a um lugar solit\u00e1rio e perdido em meio \u00e0s rochas. Minha caverna s\u00f3 eu sei qual \u00e9. Ela \u00e9 bem escondida, e minha fuga \u00e9 sutil. Por vezes, o dia termina e ningu\u00e9m descobre que, na verdade, estou na caverna. Por outras, de l\u00e1 eu saio, mas o esconderijo n\u00e3o sai de mim.<\/p>\n<p>A fragilidade do profeta, no entanto, \u00e9 uma porta aberta para eu tamb\u00e9m abandonar a caverna. A voz de Deus em meio ao escuro \u00e9 uma v\u00edvida lembran\u00e7a de que minha jornada n\u00e3o foi em v\u00e3o. \u201cAt\u00e9 aqui nos ajudou o Senhor\u201d (1 Sm 7.12). H\u00e1 vida l\u00e1 fora. H\u00e1 Deus no outro lado. H\u00e1 uma miss\u00e3o a ser cumprida, e eu devo prosseguir.<\/p>\n<p>A fuga de Elias \u00e9 uma amostra realista do que somos feitos, afinal de contas: de p\u00f3. Ao mesmo tempo, a sua liberta\u00e7\u00e3o \u00e9 uma prova cabal de quem nos conduz: o Eterno, que se faz brisa para nos levar at\u00e9 o fim da jornada.<\/p>\n<p><em>(Baseado em 1 Reis 19.1-15)<\/em><\/p>\n<p>&nbsp;<\/p>\n<p>Imagem: <a href=\"https:\/\/obitel-minsk.org\/de\/predigt-am-gedenktag-des-propheten-gottes-elias\">https:\/\/obitel-minsk.org\/de\/predigt-am-gedenktag-des-propheten-gottes-elias<\/a><\/p>\n","protected":false},"excerpt":{"rendered":"<p>&nbsp; \u201cO que voc\u00ea est\u00e1 fazendo aqui, Elias?\u201d, Deus perguntou por duas vezes. Em sua resposta, o profeta tentou explicar como o cen\u00e1rio estava totalmente desfavor\u00e1vel. Todos haviam rejeitado a alian\u00e7a \u2013 exceto ele. Mas seu zelo a Deus o havia deixado sozinho. Ap\u00f3s pedir a morte (\u201cJ\u00e1 tive o bastante, Senhor\u201d), perambulou no deserto [&hellip;]<\/p>\n","protected":false},"author":12,"featured_media":0,"comment_status":"open","ping_status":"open","sticky":false,"template":"","format":"standard","meta":{"ngg_post_thumbnail":0,"footnotes":""},"categories":[24533],"tags":[45439,24541,45438],"class_list":["post-2339","post","type-post","status-publish","format-standard","hentry","category-cronicas-biblicas","tag-caverna","tag-cronicas-biblicas","tag-elias"],"_links":{"self":[{"href":"https:\/\/ultimato.com.br\/sites\/fatosecorrelatos\/wp-json\/wp\/v2\/posts\/2339","targetHints":{"allow":["GET"]}}],"collection":[{"href":"https:\/\/ultimato.com.br\/sites\/fatosecorrelatos\/wp-json\/wp\/v2\/posts"}],"about":[{"href":"https:\/\/ultimato.com.br\/sites\/fatosecorrelatos\/wp-json\/wp\/v2\/types\/post"}],"author":[{"embeddable":true,"href":"https:\/\/ultimato.com.br\/sites\/fatosecorrelatos\/wp-json\/wp\/v2\/users\/12"}],"replies":[{"embeddable":true,"href":"https:\/\/ultimato.com.br\/sites\/fatosecorrelatos\/wp-json\/wp\/v2\/comments?post=2339"}],"version-history":[{"count":9,"href":"https:\/\/ultimato.com.br\/sites\/fatosecorrelatos\/wp-json\/wp\/v2\/posts\/2339\/revisions"}],"predecessor-version":[{"id":2349,"href":"https:\/\/ultimato.com.br\/sites\/fatosecorrelatos\/wp-json\/wp\/v2\/posts\/2339\/revisions\/2349"}],"wp:attachment":[{"href":"https:\/\/ultimato.com.br\/sites\/fatosecorrelatos\/wp-json\/wp\/v2\/media?parent=2339"}],"wp:term":[{"taxonomy":"category","embeddable":true,"href":"https:\/\/ultimato.com.br\/sites\/fatosecorrelatos\/wp-json\/wp\/v2\/categories?post=2339"},{"taxonomy":"post_tag","embeddable":true,"href":"https:\/\/ultimato.com.br\/sites\/fatosecorrelatos\/wp-json\/wp\/v2\/tags?post=2339"}],"curies":[{"name":"wp","href":"https:\/\/api.w.org\/{rel}","templated":true}]}}