{"id":2323,"date":"2023-11-06T08:19:50","date_gmt":"2023-11-06T11:19:50","guid":{"rendered":"https:\/\/ultimato.com.br\/sites\/fatosecorrelatos\/?p=2323"},"modified":"2023-11-06T09:44:59","modified_gmt":"2023-11-06T12:44:59","slug":"toda-luz-que-nao-podemos-ver-e-o-cristo-entre-nos","status":"publish","type":"post","link":"https:\/\/ultimato.com.br\/sites\/fatosecorrelatos\/2023\/11\/06\/toda-luz-que-nao-podemos-ver-e-o-cristo-entre-nos\/","title":{"rendered":"Toda luz que n\u00e3o podemos ver e o Cristo entre n\u00f3s"},"content":{"rendered":"<div id=\"attachment_2324\" style=\"width: 410px\" class=\"wp-caption alignright\"><a href=\"https:\/\/ultimato.com.br\/sites\/fatosecorrelatos\/files\/2023\/11\/marie_cega.png\" class=\"lightview\" data-lightview-group=\"group-2323\" data-lightview-options=\"skin: 'dark', controls: 'relative', padding: '10', shadow: { color: '#000000', opacity: 0.08, blur: 3 }\"><img loading=\"lazy\" decoding=\"async\" aria-describedby=\"caption-attachment-2324\" class=\"wp-image-2324\" src=\"https:\/\/ultimato.com.br\/sites\/fatosecorrelatos\/files\/2023\/11\/marie_cega.png\" alt=\"\" width=\"400\" height=\"263\" srcset=\"https:\/\/ultimato.com.br\/sites\/fatosecorrelatos\/files\/2023\/11\/marie_cega.png 998w, https:\/\/ultimato.com.br\/sites\/fatosecorrelatos\/files\/2023\/11\/marie_cega-300x197.png 300w, https:\/\/ultimato.com.br\/sites\/fatosecorrelatos\/files\/2023\/11\/marie_cega-768x506.png 768w, https:\/\/ultimato.com.br\/sites\/fatosecorrelatos\/files\/2023\/11\/marie_cega-732x482.png 732w\" sizes=\"auto, (max-width: 400px) 100vw, 400px\" \/><\/a><p id=\"caption-attachment-2324\" class=\"wp-caption-text\">Aria Mia Loberti caracterizada como Marie-Laure, uma jovem cega que foge de Paris durante a ocupa\u00e7\u00e3o nazista e usa o r\u00e1dio para mandar mensagens da resist\u00eancia \u2014 Foto: Netflix\/Divulga\u00e7\u00e3o<\/p><\/div>\n<p>Ainda sob o impacto emocional da nova s\u00e9rie da Netflix \u201c<a href=\"https:\/\/www.netflix.com\/title\/81083008\">Toda luz que n\u00e3o podemos ver<\/a>\u201d, e refletindo no serm\u00e3o de ontem do pastor da minha igreja sobre o Cristo <em>entre n\u00f3s<\/em>, me vejo, de joelhos, diante da imensid\u00e3o da realidade.<\/p>\n<p>A s\u00e9rie que narra a hist\u00f3ria de uma menina cega quando as tropas nazistas invadiram Paris em 1944 traz a beleza da vida em meio ao profundo sofrimento da guerra e me ensina que a verdadeira luz \u00e9 mais forte que a escurid\u00e3o.<\/p>\n<p>Ouvindo o serm\u00e3o do Pr. Denis sobre a presen\u00e7a real de Cristo \u201centre n\u00f3s\u201d, fui transportado para o solo sagrado da espiritualidade cotidiana e questionado em meu cora\u00e7\u00e3o sobre com quem, de fato, eu tenho caminhado.<\/p>\n<p>Ambas as refer\u00eancias me levam a um destino: o <a href=\"https:\/\/www.ultimato.com.br\/revista\/327\">sofrimento<\/a>.<\/p>\n<p>As mortes na Faixa de Gaza, os desalentos na Ucr\u00e2nia e os assassinatos cont\u00ednuos dos mais vulner\u00e1veis nas grandes periferias do mundo (entre outras realidades) me pegam fortemente pelo bra\u00e7o e me mostram que o Evangelho em que creio \u00e9 maior que minha pr\u00f3pria necessidade. Sim, \u00e9 maior at\u00e9 que a minha pr\u00f3pria hist\u00f3ria. Isso n\u00e3o \u00e9 diminuir o que sou; ao contr\u00e1rio, \u00e9 me colocar no lugar certo, na grande hist\u00f3ria de Deus no mundo.<\/p>\n<p>A \u00faltima coisa que devemos fazer \u00e9 manipular o sofrimento. Sofrer \u00e9 algo imprevis\u00edvel. N\u00e3o cabe em nossas teorias mesquinhas.<\/p>\n<p>Sofrer \u00e9 um esmagamento de percep\u00e7\u00f5es e cren\u00e7as. Sofrer nos faz querer fugir.<\/p>\n<p>D\u00f3i. O corpo sente. A alma chora. E parece que uma for\u00e7a contr\u00e1ria vai desidratando nossa esperan\u00e7a.<\/p>\n<p>N\u00e3o tenho nada a falar sobre como lidar com o sofrimento. Ningu\u00e9m tem.<\/p>\n<p>Mas uma coisa \u00e9 certa: a luz \u00e9 mais forte que a escurid\u00e3o, mesmo nos tempos e lugares mais sombrios.<\/p>\n<p>A Luz veio e habitou <em>entre n\u00f3s<\/em>.<\/p>\n<p>O <a href=\"https:\/\/www.ultimato.com.br\/revista\/artigos\/298\/jesus-era-tomado-de-compaixao-pelo-sofrimento-alheio\">amor de Deus na dor do outro<\/a> \u00e9 solo sagrado e, diante dele, me ponho de joelhos. Em sil\u00eancio.<\/p>\n<p>&nbsp;<\/p>\n<blockquote><p><em>Ali estava a luz verdadeira, que ilumina a todo o homem que vem ao mundo\u201d. \u00a0(Jo\u00e3o 1:9 \u2013 ACF) \u00a0<\/em><\/p><\/blockquote>\n<p>#consci\u00eanciadoreino<\/p>\n","protected":false},"excerpt":{"rendered":"<p>Ainda sob o impacto emocional da nova s\u00e9rie da Netflix \u201cToda luz que n\u00e3o podemos ver\u201d, e refletindo no serm\u00e3o de ontem do pastor da minha igreja sobre o Cristo entre n\u00f3s, me vejo, de joelhos, diante da imensid\u00e3o da realidade. A s\u00e9rie que narra a hist\u00f3ria de uma menina cega quando as tropas nazistas [&hellip;]<\/p>\n","protected":false},"author":12,"featured_media":0,"comment_status":"open","ping_status":"open","sticky":false,"template":"","format":"standard","meta":{"ngg_post_thumbnail":0,"footnotes":""},"categories":[114,7657],"tags":[45435,45436,45437,45414,45434],"class_list":["post-2323","post","type-post","status-publish","format-standard","hentry","category-artigos","category-filmes","tag-cristo","tag-entre-nos","tag-netflix","tag-serie","tag-toda-luz-que-nao-podemos-ver"],"_links":{"self":[{"href":"https:\/\/ultimato.com.br\/sites\/fatosecorrelatos\/wp-json\/wp\/v2\/posts\/2323","targetHints":{"allow":["GET"]}}],"collection":[{"href":"https:\/\/ultimato.com.br\/sites\/fatosecorrelatos\/wp-json\/wp\/v2\/posts"}],"about":[{"href":"https:\/\/ultimato.com.br\/sites\/fatosecorrelatos\/wp-json\/wp\/v2\/types\/post"}],"author":[{"embeddable":true,"href":"https:\/\/ultimato.com.br\/sites\/fatosecorrelatos\/wp-json\/wp\/v2\/users\/12"}],"replies":[{"embeddable":true,"href":"https:\/\/ultimato.com.br\/sites\/fatosecorrelatos\/wp-json\/wp\/v2\/comments?post=2323"}],"version-history":[{"count":4,"href":"https:\/\/ultimato.com.br\/sites\/fatosecorrelatos\/wp-json\/wp\/v2\/posts\/2323\/revisions"}],"predecessor-version":[{"id":2328,"href":"https:\/\/ultimato.com.br\/sites\/fatosecorrelatos\/wp-json\/wp\/v2\/posts\/2323\/revisions\/2328"}],"wp:attachment":[{"href":"https:\/\/ultimato.com.br\/sites\/fatosecorrelatos\/wp-json\/wp\/v2\/media?parent=2323"}],"wp:term":[{"taxonomy":"category","embeddable":true,"href":"https:\/\/ultimato.com.br\/sites\/fatosecorrelatos\/wp-json\/wp\/v2\/categories?post=2323"},{"taxonomy":"post_tag","embeddable":true,"href":"https:\/\/ultimato.com.br\/sites\/fatosecorrelatos\/wp-json\/wp\/v2\/tags?post=2323"}],"curies":[{"name":"wp","href":"https:\/\/api.w.org\/{rel}","templated":true}]}}