{"id":2129,"date":"2022-11-28T08:19:34","date_gmt":"2022-11-28T11:19:34","guid":{"rendered":"https:\/\/ultimato.com.br\/sites\/fatosecorrelatos\/?p=2129"},"modified":"2022-11-28T08:20:21","modified_gmt":"2022-11-28T11:20:21","slug":"esperar","status":"publish","type":"post","link":"https:\/\/ultimato.com.br\/sites\/fatosecorrelatos\/2022\/11\/28\/esperar\/","title":{"rendered":"Esperar"},"content":{"rendered":"<div id=\"attachment_2130\" style=\"width: 510px\" class=\"wp-caption alignright\"><a href=\"https:\/\/ultimato.com.br\/sites\/fatosecorrelatos\/files\/2022\/11\/image_6487327.jpg\" class=\"lightview\" data-lightview-group=\"group-2129\" data-lightview-options=\"skin: 'dark', controls: 'relative', padding: '10', shadow: { color: '#000000', opacity: 0.08, blur: 3 }\"><img loading=\"lazy\" decoding=\"async\" aria-describedby=\"caption-attachment-2130\" class=\"wp-image-2130\" src=\"https:\/\/ultimato.com.br\/sites\/fatosecorrelatos\/files\/2022\/11\/image_6487327-1024x768.jpg\" alt=\"\" width=\"500\" height=\"375\" srcset=\"https:\/\/ultimato.com.br\/sites\/fatosecorrelatos\/files\/2022\/11\/image_6487327-1024x768.jpg 1024w, https:\/\/ultimato.com.br\/sites\/fatosecorrelatos\/files\/2022\/11\/image_6487327-300x225.jpg 300w, https:\/\/ultimato.com.br\/sites\/fatosecorrelatos\/files\/2022\/11\/image_6487327-768x576.jpg 768w, https:\/\/ultimato.com.br\/sites\/fatosecorrelatos\/files\/2022\/11\/image_6487327-732x549.jpg 732w, https:\/\/ultimato.com.br\/sites\/fatosecorrelatos\/files\/2022\/11\/image_6487327-1140x855.jpg 1140w, https:\/\/ultimato.com.br\/sites\/fatosecorrelatos\/files\/2022\/11\/image_6487327.jpg 1280w\" sizes=\"auto, (max-width: 500px) 100vw, 500px\" \/><\/a><p id=\"caption-attachment-2130\" class=\"wp-caption-text\">P\u00f4r do sol no Rio Nilo (em outubro de 2022). Foto: Liss\u00e2nder Dias.<\/p><\/div>\n<p>Com o que sonha um ansioso? O que espera um triste? O que vir\u00e1 a um sem esperan\u00e7a? Para onde vai um confuso?<\/p>\n<p>A todos eles, o tempo \u00e9 uma mistura de d\u00e1diva e terror. Uma fonte de medo ou um abrigo com lareira em dias frios.<\/p>\n<p>Esperar \u00e9 mover m\u00fasculos, emo\u00e7\u00f5es e c\u00e9rebro em dire\u00e7\u00e3o a uma f\u00e9 que n\u00e3o pode provar, mas que existe, sim. Esperar \u00e9 decidir estar, enquanto a realidade ainda n\u00e3o se completa. \u00c9 ter humildade para acolher e aceitar o mist\u00e9rio.<\/p>\n<p>N\u00e3o h\u00e1 espa\u00e7o para esperas nos dias de hoje. Pouco menos para paci\u00eancia. Mas o mundo, que nunca para de girar, depende dos que <a href=\"https:\/\/ultimato.com.br\/sites\/devocional-diaria\/2022\/11\/28\/marta-carriker\/a-alegria-vem-acompanhada-de-paciencia\/\">sabem esperar<\/a>. Eles trazem equil\u00edbrio \u00e0s almas cansadas de correr e trazem um ritmo que respeita todos os outros ritmos.<\/p>\n<p>Como aprender a esperar? H\u00e1 muitos caminhos, mas um \u00e9 sobremodo excelente: o <a href=\"https:\/\/www.ultimato.com.br\/loja\/produtos\/o-sentido-do-natal-ebook\">Natal<\/a>. Siga o ritmo do Natal (que come\u00e7ou ontem com o <a href=\"https:\/\/www.ultimato.com.br\/conteudo\/advento-o-rei-vira\">Advento<\/a>). Permita-se desacelerar em torno das coisas f\u00fateis e aprecie (como um bom caf\u00e9) os come\u00e7os da vida. Do an\u00fancio de uma gravidez, \u00e0s d\u00favidas do esposo; da fuga para outra cidade \u00e0 decis\u00e3o de permanecer em uma estrebaria; da f\u00e9 simples \u00e0 revela\u00e7\u00e3o da profecia; do nascimento do beb\u00ea \u00e0 sobreviv\u00eancia em um pa\u00eds estrangeiro. Do movimento das estrelas ao (ap\u00f3s quil\u00f4metros de peregrina\u00e7\u00e3o) encontro \u00fanico e especial com o Deus-menino.<\/p>\n<p>O Natal tem um ritmo pr\u00f3prio, que surpreende e nos desafia a adentrar no mundo de Deus. Um Deus que caminha conosco e nos convida a participar de uma jornada eterna.<\/p>\n<p>&nbsp;<\/p>\n<blockquote><p>\u201cVoz do que clama no deserto: Preparai o caminho do Senhor; endireitai no ermo vereda a nosso Deus. Todo o vale ser\u00e1 exaltado, e todo o monte e todo o outeiro ser\u00e1 abatido; e o que \u00e9 torcido se endireitar\u00e1, e o que \u00e9 \u00e1spero se aplainar\u00e1. E a gl\u00f3ria do Senhor se manifestar\u00e1, e toda a carne juntamente a ver\u00e1, pois a boca do Senhor o disse.\u201d (<a href=\"https:\/\/www.bibliaonline.com.br\/acf\/is\/40\/3-5+\">Isa\u00edas 40:3-5<\/a> \u2013 ACF)<\/p><\/blockquote>\n","protected":false},"excerpt":{"rendered":"<p>Com o que sonha um ansioso? O que espera um triste? O que vir\u00e1 a um sem esperan\u00e7a? Para onde vai um confuso? A todos eles, o tempo \u00e9 uma mistura de d\u00e1diva e terror. Uma fonte de medo ou um abrigo com lareira em dias frios. Esperar \u00e9 mover m\u00fasculos, emo\u00e7\u00f5es e c\u00e9rebro em [&hellip;]<\/p>\n","protected":false},"author":12,"featured_media":0,"comment_status":"open","ping_status":"open","sticky":false,"template":"","format":"standard","meta":{"ngg_post_thumbnail":0,"footnotes":""},"categories":[114],"tags":[18687,5506,45406,82],"class_list":["post-2129","post","type-post","status-publish","format-standard","hentry","category-artigos","tag-espera","tag-esperanca","tag-esperar","tag-natal"],"_links":{"self":[{"href":"https:\/\/ultimato.com.br\/sites\/fatosecorrelatos\/wp-json\/wp\/v2\/posts\/2129","targetHints":{"allow":["GET"]}}],"collection":[{"href":"https:\/\/ultimato.com.br\/sites\/fatosecorrelatos\/wp-json\/wp\/v2\/posts"}],"about":[{"href":"https:\/\/ultimato.com.br\/sites\/fatosecorrelatos\/wp-json\/wp\/v2\/types\/post"}],"author":[{"embeddable":true,"href":"https:\/\/ultimato.com.br\/sites\/fatosecorrelatos\/wp-json\/wp\/v2\/users\/12"}],"replies":[{"embeddable":true,"href":"https:\/\/ultimato.com.br\/sites\/fatosecorrelatos\/wp-json\/wp\/v2\/comments?post=2129"}],"version-history":[{"count":2,"href":"https:\/\/ultimato.com.br\/sites\/fatosecorrelatos\/wp-json\/wp\/v2\/posts\/2129\/revisions"}],"predecessor-version":[{"id":2132,"href":"https:\/\/ultimato.com.br\/sites\/fatosecorrelatos\/wp-json\/wp\/v2\/posts\/2129\/revisions\/2132"}],"wp:attachment":[{"href":"https:\/\/ultimato.com.br\/sites\/fatosecorrelatos\/wp-json\/wp\/v2\/media?parent=2129"}],"wp:term":[{"taxonomy":"category","embeddable":true,"href":"https:\/\/ultimato.com.br\/sites\/fatosecorrelatos\/wp-json\/wp\/v2\/categories?post=2129"},{"taxonomy":"post_tag","embeddable":true,"href":"https:\/\/ultimato.com.br\/sites\/fatosecorrelatos\/wp-json\/wp\/v2\/tags?post=2129"}],"curies":[{"name":"wp","href":"https:\/\/api.w.org\/{rel}","templated":true}]}}