{"id":2070,"date":"2022-07-25T21:45:19","date_gmt":"2022-07-26T00:45:19","guid":{"rendered":"https:\/\/ultimato.com.br\/sites\/fatosecorrelatos\/?p=2070"},"modified":"2022-07-25T21:45:19","modified_gmt":"2022-07-26T00:45:19","slug":"o-escritor-e-um-iludido","status":"publish","type":"post","link":"https:\/\/ultimato.com.br\/sites\/fatosecorrelatos\/2022\/07\/25\/o-escritor-e-um-iludido\/","title":{"rendered":"O escritor \u00e9 um iludido"},"content":{"rendered":"<p><a href=\"https:\/\/ultimato.com.br\/sites\/fatosecorrelatos\/files\/2022\/07\/livro.jpeg\" class=\"lightview\" data-lightview-group=\"group-2070\" data-lightview-options=\"skin: 'dark', controls: 'relative', padding: '10', shadow: { color: '#000000', opacity: 0.08, blur: 3 }\"><img loading=\"lazy\" decoding=\"async\" class=\"wp-image-2071 alignright\" src=\"https:\/\/ultimato.com.br\/sites\/fatosecorrelatos\/files\/2022\/07\/livro.jpeg\" alt=\"\" width=\"350\" height=\"467\" srcset=\"https:\/\/ultimato.com.br\/sites\/fatosecorrelatos\/files\/2022\/07\/livro.jpeg 768w, https:\/\/ultimato.com.br\/sites\/fatosecorrelatos\/files\/2022\/07\/livro-225x300.jpeg 225w, https:\/\/ultimato.com.br\/sites\/fatosecorrelatos\/files\/2022\/07\/livro-732x976.jpeg 732w\" sizes=\"auto, (max-width: 350px) 100vw, 350px\" \/><\/a>Tal qual a formiga que carrega um peso bem maior que ela mesma, o(a) escritor(a) se v\u00ea impelido(a) a ordenar palavras e express\u00f5es em torno de ideias ou de uma vida que ele mesmo n\u00e3o consegue conter ou controlar. Ou mesmo viver.<\/p>\n<p>O escritor \u00e9 um iludido. Alimenta-se diariamente (ou quase sempre) da ilus\u00e3o da escrita \u2013 que, de t\u00e3o sedutora, de t\u00e3o pr\u00f3pria para seu vazio interior, de t\u00e3o real quanto mais imaginativa for \u2013 transforma-se e transforma o escriba em algu\u00e9m maior do que ele, de fato, \u00e9.<\/p>\n<p>A escrita \u00e9 a m\u00e3o invis\u00edvel de Deus sobre o vulner\u00e1vel escritor. N\u00e3o que Deus queira engan\u00e1-lo, mas, de certa forma, \u00e9 um encontro entre quem o escritor \u00e9 e quem ele gostaria de ser. Entre o que a vida \u00e9 e o que deveria. Entre o sonho e a realidade. Entre o ceticismo e a f\u00e9. Entre o amor e a indigna\u00e7\u00e3o.<\/p>\n<p>A escrita \u00e9 esse tipo de aproxima\u00e7\u00e3o miraculosa: de mim para o outro, enquanto todos somos leitores de um mundo tingido com tra\u00e7os imperfeitos em busca de perfei\u00e7\u00e3o.<\/p>\n","protected":false},"excerpt":{"rendered":"<p>Tal qual a formiga que carrega um peso bem maior que ela mesma, o(a) escritor(a) se v\u00ea impelido(a) a ordenar palavras e express\u00f5es em torno de ideias ou de uma vida que ele mesmo n\u00e3o consegue conter ou controlar. Ou mesmo viver. O escritor \u00e9 um iludido. Alimenta-se diariamente (ou quase sempre) da ilus\u00e3o da [&hellip;]<\/p>\n","protected":false},"author":12,"featured_media":0,"comment_status":"open","ping_status":"open","sticky":false,"template":"","format":"standard","meta":{"ngg_post_thumbnail":0,"footnotes":""},"categories":[8222],"tags":[7603,15619],"class_list":["post-2070","post","type-post","status-publish","format-standard","hentry","category-etc","tag-cronicas-do-cotidiano","tag-escrita"],"_links":{"self":[{"href":"https:\/\/ultimato.com.br\/sites\/fatosecorrelatos\/wp-json\/wp\/v2\/posts\/2070","targetHints":{"allow":["GET"]}}],"collection":[{"href":"https:\/\/ultimato.com.br\/sites\/fatosecorrelatos\/wp-json\/wp\/v2\/posts"}],"about":[{"href":"https:\/\/ultimato.com.br\/sites\/fatosecorrelatos\/wp-json\/wp\/v2\/types\/post"}],"author":[{"embeddable":true,"href":"https:\/\/ultimato.com.br\/sites\/fatosecorrelatos\/wp-json\/wp\/v2\/users\/12"}],"replies":[{"embeddable":true,"href":"https:\/\/ultimato.com.br\/sites\/fatosecorrelatos\/wp-json\/wp\/v2\/comments?post=2070"}],"version-history":[{"count":2,"href":"https:\/\/ultimato.com.br\/sites\/fatosecorrelatos\/wp-json\/wp\/v2\/posts\/2070\/revisions"}],"predecessor-version":[{"id":2073,"href":"https:\/\/ultimato.com.br\/sites\/fatosecorrelatos\/wp-json\/wp\/v2\/posts\/2070\/revisions\/2073"}],"wp:attachment":[{"href":"https:\/\/ultimato.com.br\/sites\/fatosecorrelatos\/wp-json\/wp\/v2\/media?parent=2070"}],"wp:term":[{"taxonomy":"category","embeddable":true,"href":"https:\/\/ultimato.com.br\/sites\/fatosecorrelatos\/wp-json\/wp\/v2\/categories?post=2070"},{"taxonomy":"post_tag","embeddable":true,"href":"https:\/\/ultimato.com.br\/sites\/fatosecorrelatos\/wp-json\/wp\/v2\/tags?post=2070"}],"curies":[{"name":"wp","href":"https:\/\/api.w.org\/{rel}","templated":true}]}}