{"id":2059,"date":"2022-06-17T23:08:04","date_gmt":"2022-06-18T02:08:04","guid":{"rendered":"https:\/\/ultimato.com.br\/sites\/fatosecorrelatos\/?p=2059"},"modified":"2022-06-17T23:08:56","modified_gmt":"2022-06-18T02:08:56","slug":"segundo-dia-do-vocare-camp-oracao-reflexao-impacto-e-pequenos-grupos","status":"publish","type":"post","link":"https:\/\/ultimato.com.br\/sites\/fatosecorrelatos\/2022\/06\/17\/segundo-dia-do-vocare-camp-oracao-reflexao-impacto-e-pequenos-grupos\/","title":{"rendered":"Segundo dia do Vocare Camp: ora\u00e7\u00e3o, reflex\u00e3o, impacto e pequenos grupos"},"content":{"rendered":"<p>O segundo dia do Vocare Camp tamb\u00e9m foi o primeiro em que a programa\u00e7\u00e3o completa foi realizada: logo cedo de manh\u00e3 ocorreu a caminhada de ora\u00e7\u00e3o, seguida pelo caf\u00e9 da manh\u00e3 e o <em>Upside Down<\/em>. Depois veio o segundo encontro dos 21 pequenos grupos reverberando o que foi dito pelos preletores e mission\u00e1rios. Os PGs conversaram sobre o tema \u201cambi\u00e7\u00e3o\u201d. A tarde foi dedicada \u00e0s 17 oficinas sobre variados temas com um ponto em comum: cumprir o chamado de Deus para n\u00f3s na realidade atual. Ao longo do dia, a equipe do <em>Hang Out<\/em> tamb\u00e9m dedicou tempo para conversar com jovens interessados em entender melhor sua voca\u00e7\u00e3o e como esse processo de descoberta acontece.<\/p>\n<p><a href=\"https:\/\/ultimato.com.br\/sites\/fatosecorrelatos\/files\/2022\/06\/WhatsApp-Image-2022-06-17-at-22.59.35.jpeg\" class=\"lightview\" data-lightview-group=\"group-2059\" data-lightview-options=\"skin: 'dark', controls: 'relative', padding: '10', shadow: { color: '#000000', opacity: 0.08, blur: 3 }\"><img loading=\"lazy\" decoding=\"async\" class=\"alignleft size-medium wp-image-2064\" src=\"https:\/\/ultimato.com.br\/sites\/fatosecorrelatos\/files\/2022\/06\/WhatsApp-Image-2022-06-17-at-22.59.35-300x200.jpeg\" alt=\"\" width=\"300\" height=\"200\" srcset=\"https:\/\/ultimato.com.br\/sites\/fatosecorrelatos\/files\/2022\/06\/WhatsApp-Image-2022-06-17-at-22.59.35-300x200.jpeg 300w, https:\/\/ultimato.com.br\/sites\/fatosecorrelatos\/files\/2022\/06\/WhatsApp-Image-2022-06-17-at-22.59.35-1024x682.jpeg 1024w, https:\/\/ultimato.com.br\/sites\/fatosecorrelatos\/files\/2022\/06\/WhatsApp-Image-2022-06-17-at-22.59.35-768x512.jpeg 768w, https:\/\/ultimato.com.br\/sites\/fatosecorrelatos\/files\/2022\/06\/WhatsApp-Image-2022-06-17-at-22.59.35-732x488.jpeg 732w, https:\/\/ultimato.com.br\/sites\/fatosecorrelatos\/files\/2022\/06\/WhatsApp-Image-2022-06-17-at-22.59.35-1140x760.jpeg 1140w, https:\/\/ultimato.com.br\/sites\/fatosecorrelatos\/files\/2022\/06\/WhatsApp-Image-2022-06-17-at-22.59.35.jpeg 1280w\" sizes=\"auto, (max-width: 300px) 100vw, 300px\" \/><\/a>Na plen\u00e1ria da manh\u00e3, tivemos o testemunho de Davizinho, um jovem de 16 anos, que mesmo com s\u00e9rias limita\u00e7\u00f5es f\u00edsicas nos membros superiores e inferiores, \u00e9 campe\u00e3o de surfe no Rio de Janeiro e exerce sua voca\u00e7\u00e3o intencionalmente. O desafio que ele lan\u00e7ou foi: \u201cse eu com todas as minhas limita\u00e7\u00f5es, consigo fazer a obra de Deus, por que voc\u00eas n\u00e3o conseguiriam?\u201d. Outro testemunho foi da Vanessa Barth, que compartilhou um pouco da busca de sua voca\u00e7\u00e3o na atividade profissional e como ela conseguiu iniciar um projeto envolvendo Moda e Sustentabilidade. \u201cEu fui ao Vocare em 2016, cheia de d\u00favidas, e sai de l\u00e1 com mais respostas de Deus para minha voca\u00e7\u00e3o\u201d, disse ela.<\/p>\n<p>O preletor da manh\u00e3 foi o pastor e mission\u00e1rio Douglas Gon\u00e7alves, do minist\u00e9rio Jesus Copy. Com base no que Jesus disse no Serm\u00e3o Monte sobre sermos \u201csal da terra\u201d, Gon\u00e7alves desafiou o p\u00fablico a abandonar uma imagem constru\u00edda \u201c\u00e0 nossa pr\u00f3pria semelhan\u00e7a\u201d, e ent\u00e3o buscarmos a i<a href=\"https:\/\/ultimato.com.br\/sites\/fatosecorrelatos\/files\/2022\/06\/WhatsApp-Image-2022-06-17-at-19.17.27-e1655517133570.jpeg\" class=\"lightview\" data-lightview-group=\"group-2059\" data-lightview-options=\"skin: 'dark', controls: 'relative', padding: '10', shadow: { color: '#000000', opacity: 0.08, blur: 3 }\"><img loading=\"lazy\" decoding=\"async\" class=\"alignright wp-image-2060\" src=\"https:\/\/ultimato.com.br\/sites\/fatosecorrelatos\/files\/2022\/06\/WhatsApp-Image-2022-06-17-at-19.17.27-e1655517133570.jpeg\" alt=\"\" width=\"250\" height=\"375\" \/><\/a>magem de Cristo. \u00a0\u201cSua verdadeira identidade est\u00e1 em Cristo Jesus. Ent\u00e3o pare de procurar em voc\u00ea e procure em Cristo. Voc\u00ea n\u00e3o foi criado para olhar para si mesmo, voc\u00ea foi criado para olhar para o outro, quem criou selfies fomos n\u00f3s!\u201d.<\/p>\n<p>Hoje \u00e9 um dia especial para o Movimento. Comemoramos o <em>VocDay<\/em>, o Dia da Voca\u00e7\u00e3o. A programa\u00e7\u00e3o da noite trar\u00e1 um pouco da hist\u00f3ria do movimento como express\u00e3o da a\u00e7\u00e3o de Deus em nossas vidas.<\/p>\n<p>&nbsp;<\/p>\n","protected":false},"excerpt":{"rendered":"<p>O segundo dia do Vocare Camp tamb\u00e9m foi o primeiro em que a programa\u00e7\u00e3o completa foi realizada: logo cedo de manh\u00e3 ocorreu a caminhada de ora\u00e7\u00e3o, seguida pelo caf\u00e9 da manh\u00e3 e o Upside Down. Depois veio o segundo encontro dos 21 pequenos grupos reverberando o que foi dito pelos preletores e mission\u00e1rios. Os PGs [&hellip;]<\/p>\n","protected":false},"author":12,"featured_media":0,"comment_status":"open","ping_status":"open","sticky":false,"template":"","format":"standard","meta":{"ngg_post_thumbnail":0,"footnotes":""},"categories":[8222],"tags":[45240,16533,45238],"class_list":["post-2059","post","type-post","status-publish","format-standard","hentry","category-etc","tag-movimentovocare","tag-vocacao","tag-vocarecamp"],"_links":{"self":[{"href":"https:\/\/ultimato.com.br\/sites\/fatosecorrelatos\/wp-json\/wp\/v2\/posts\/2059","targetHints":{"allow":["GET"]}}],"collection":[{"href":"https:\/\/ultimato.com.br\/sites\/fatosecorrelatos\/wp-json\/wp\/v2\/posts"}],"about":[{"href":"https:\/\/ultimato.com.br\/sites\/fatosecorrelatos\/wp-json\/wp\/v2\/types\/post"}],"author":[{"embeddable":true,"href":"https:\/\/ultimato.com.br\/sites\/fatosecorrelatos\/wp-json\/wp\/v2\/users\/12"}],"replies":[{"embeddable":true,"href":"https:\/\/ultimato.com.br\/sites\/fatosecorrelatos\/wp-json\/wp\/v2\/comments?post=2059"}],"version-history":[{"count":5,"href":"https:\/\/ultimato.com.br\/sites\/fatosecorrelatos\/wp-json\/wp\/v2\/posts\/2059\/revisions"}],"predecessor-version":[{"id":2066,"href":"https:\/\/ultimato.com.br\/sites\/fatosecorrelatos\/wp-json\/wp\/v2\/posts\/2059\/revisions\/2066"}],"wp:attachment":[{"href":"https:\/\/ultimato.com.br\/sites\/fatosecorrelatos\/wp-json\/wp\/v2\/media?parent=2059"}],"wp:term":[{"taxonomy":"category","embeddable":true,"href":"https:\/\/ultimato.com.br\/sites\/fatosecorrelatos\/wp-json\/wp\/v2\/categories?post=2059"},{"taxonomy":"post_tag","embeddable":true,"href":"https:\/\/ultimato.com.br\/sites\/fatosecorrelatos\/wp-json\/wp\/v2\/tags?post=2059"}],"curies":[{"name":"wp","href":"https:\/\/api.w.org\/{rel}","templated":true}]}}