{"id":20,"date":"2005-07-22T17:01:00","date_gmt":"2005-07-22T20:01:00","guid":{"rendered":"http:\/\/ultimato.com.br\/sites\/fatosecorrelatos\/2005\/07\/22\/a-morte-da-morte\/"},"modified":"2010-09-26T18:20:30","modified_gmt":"2010-09-26T21:20:30","slug":"a-morte-da-morte","status":"publish","type":"post","link":"https:\/\/ultimato.com.br\/sites\/fatosecorrelatos\/2005\/07\/22\/a-morte-da-morte\/","title":{"rendered":"A Morte da Morte"},"content":{"rendered":"<p>Morte:<br \/>M\u00f3rbida irreplic\u00e1vel, inevit\u00e1vel fato;<br \/>Teu sil\u00eancio paralisa tudo, recalcitra a vida;<br \/>Muda, \u00e9s angustiante; imobilidade profunda.<\/p>\n<p>Quando vens, a dor parece intermin\u00e1vel;<br \/>Tu alcan\u00e7as a profundeza do ser humano:<br \/>A vontade de permanecer.<\/p>\n<p>\u00c9s sarc\u00e1stica, trai\u00e7oeira quando queres;<br \/>Vens de surpresa e dominas todos;<br \/>Esc\u00e1rnio do mal contra o homem.<\/p>\n<p>Mas n\u00e3o \u00e9s invenc\u00edvel; na verdade, \u00e9s perdedora.<br \/>Tentaste ir al\u00e9m do que podias;<br \/>Tentaste vencer o Autor da vida.<br \/>N\u00e3o conseguiste.<\/p>\n<p>Ele conheceu a ti, sentiu a dor com a qual castigas a humanidade;<br \/>Viveu teu sil\u00eancio e ouviu teu esc\u00e1rnio.<br \/>Tua for\u00e7a o fez fraco, mas n\u00e3o para sempre.<\/p>\n<p>Teu tempo n\u00e3o o aprisionou;<br \/>Tua alegria durou somente tr\u00eas dias &#8211; nada mais!<\/p>\n<p>Algu\u00e9m voltou a respirar.<br \/>E teu sil\u00eancio foi quebrado;<br \/>N\u00e3o por um grito estridente, mas por um suspiro divino.<\/p>\n<p>Ele abriu os olhos, por for\u00e7a pr\u00f3pria.<br \/>Tu? N\u00e3o tinhas mais for\u00e7a alguma.<br \/>Levantou-se;<br \/>Tu? Im\u00f3vel em tua insignific\u00e2ncia.<br \/>Foi-se do sepulcro &#8211; a pris\u00e3o que deste a ele.<br \/>Tu? Agora est\u00e1s aprisionada pela vida.<\/p>\n<p>Ele, venceu a ti. E reviveu.<br \/>Tu, \u00f3 morte? Agora \u00e9 quem est\u00e1s morta.<br \/>Inerte ao teu pr\u00f3prio sil\u00eancio.<\/p>\n<p><em>Liss\u00e2nder Dias<\/em><\/p>\n","protected":false},"excerpt":{"rendered":"<p>Morte:M\u00f3rbida irreplic\u00e1vel, inevit\u00e1vel fato;Teu sil\u00eancio paralisa tudo, recalcitra a vida;Muda, \u00e9s angustiante; imobilidade profunda. Quando vens, a dor parece intermin\u00e1vel;Tu alcan\u00e7as a profundeza do ser humano:A vontade de permanecer. \u00c9s sarc\u00e1stica, trai\u00e7oeira quando queres;Vens de surpresa e dominas todos;Esc\u00e1rnio do mal contra o homem. Mas n\u00e3o \u00e9s invenc\u00edvel; na verdade, \u00e9s perdedora.Tentaste ir al\u00e9m do [&hellip;]<\/p>\n","protected":false},"author":12,"featured_media":0,"comment_status":"open","ping_status":"open","sticky":false,"template":"","format":"standard","meta":{"ngg_post_thumbnail":0,"footnotes":""},"categories":[7655],"tags":[24539],"class_list":["post-20","post","type-post","status-publish","format-standard","hentry","category-poesias","tag-etc"],"_links":{"self":[{"href":"https:\/\/ultimato.com.br\/sites\/fatosecorrelatos\/wp-json\/wp\/v2\/posts\/20","targetHints":{"allow":["GET"]}}],"collection":[{"href":"https:\/\/ultimato.com.br\/sites\/fatosecorrelatos\/wp-json\/wp\/v2\/posts"}],"about":[{"href":"https:\/\/ultimato.com.br\/sites\/fatosecorrelatos\/wp-json\/wp\/v2\/types\/post"}],"author":[{"embeddable":true,"href":"https:\/\/ultimato.com.br\/sites\/fatosecorrelatos\/wp-json\/wp\/v2\/users\/12"}],"replies":[{"embeddable":true,"href":"https:\/\/ultimato.com.br\/sites\/fatosecorrelatos\/wp-json\/wp\/v2\/comments?post=20"}],"version-history":[{"count":1,"href":"https:\/\/ultimato.com.br\/sites\/fatosecorrelatos\/wp-json\/wp\/v2\/posts\/20\/revisions"}],"predecessor-version":[{"id":361,"href":"https:\/\/ultimato.com.br\/sites\/fatosecorrelatos\/wp-json\/wp\/v2\/posts\/20\/revisions\/361"}],"wp:attachment":[{"href":"https:\/\/ultimato.com.br\/sites\/fatosecorrelatos\/wp-json\/wp\/v2\/media?parent=20"}],"wp:term":[{"taxonomy":"category","embeddable":true,"href":"https:\/\/ultimato.com.br\/sites\/fatosecorrelatos\/wp-json\/wp\/v2\/categories?post=20"},{"taxonomy":"post_tag","embeddable":true,"href":"https:\/\/ultimato.com.br\/sites\/fatosecorrelatos\/wp-json\/wp\/v2\/tags?post=20"}],"curies":[{"name":"wp","href":"https:\/\/api.w.org\/{rel}","templated":true}]}}