{"id":1760,"date":"2019-09-28T13:17:14","date_gmt":"2019-09-28T16:17:14","guid":{"rendered":"http:\/\/ultimato.com.br\/sites\/fatosecorrelatos\/?p=1760"},"modified":"2020-06-02T07:39:41","modified_gmt":"2020-06-02T10:39:41","slug":"escrever-e-reafirmar-a-esperanca","status":"publish","type":"post","link":"https:\/\/ultimato.com.br\/sites\/fatosecorrelatos\/2019\/09\/28\/escrever-e-reafirmar-a-esperanca\/","title":{"rendered":"Escrever \u00e9 reafirmar a esperan\u00e7a"},"content":{"rendered":"<p><em>Escrever \u00e9 uma forma de reafirmar a esperan\u00e7a.<\/em> Quando escrevo, expresso o que vejo, mas tamb\u00e9m o que ainda n\u00e3o vejo, o que eu gostaria que existisse. Pessoas, estruturas sociais, valores&#8230; nada est\u00e1 completo. Estamos em constru\u00e7\u00e3o (para a melhor ou para a pior, em alguns casos).<\/p>\n<p>\u00c9 imposs\u00edvel viver sem algum tipo ou alguma dose de esperan\u00e7a. O ser humano precisa de esperan\u00e7a &#8211; mais do que dinheiro, sexo ou poder. Esperar por algo melhor, pela &#8220;terra sem males&#8221;, pela plenitude dos tempos, pela justi\u00e7a que correr\u00e1 como um rio perene, pela paz que permitir\u00e1 di\u00e1logos, encontros e perd\u00e3o.<\/p>\n<p>Esperamos por uma sociedade onde haja desenvolvimento de todos os potenciais humanos, econ\u00f4micos, sociais e espirituais, mas que, ao mesmo tempo, seja um movimento que diminua o fosso injusto entre as pessoas e suas oportunidades para tal desenvolvimento.<\/p>\n<p><em>Ao escrever, eu imagino.<\/em> Imagino sentido e significado para mim e para os outros. Imagino um caminho luminoso, mesmo que ele ainda n\u00e3o possa ser visto. Mas a escrita treina meus sentidos para isso, e, assim, d\u00e1 forma \u00e0 esperan\u00e7a que h\u00e1 dentro de meu cora\u00e7\u00e3o.<\/p>\n<p><em>Escrever \u00e9 dialogar consigo mesmo,<\/em> antes mesmo de com o leitor. Meus textos s\u00e3o &#8220;conversas com minha alma&#8221;, bem ao estilo dos salmistas. Desde crian\u00e7a, eu escrevo, e, sem d\u00favida, foi o caminho mais efetivo e cont\u00ednuo para o autoconhecimento e o conhecimento do Alto. O pouco que sei sobre mim assim foi revelado no ato da escrita. Isso porque escrevo o que eu penso, sobre os valores que acredito, mas tamb\u00e9m sobre as car\u00eancias do que n\u00e3o sou. Escrever \u00e9 iluminar identidades e significados.<\/p>\n<p>O desafio da escrita &#8211; em particular, das cr\u00f4nicas &#8211; \u00e9 treinar o olhar. Isso \u00e9 extremamente importante, em especial, na era das distra\u00e7\u00f5es e dos est\u00edmulos cont\u00ednuos que a tecnologia nos induz a experimentar. Quem quer aprender a ter foco deveria criar o h\u00e1bito da escrita. Faria um bem imenso a ela.<\/p>\n<p>***<br \/>\nEsta foi uma semana especial, onde eu pude compartilhar publicamente minhas ideias e minhas experi\u00eancias sobre a escrita de cr\u00f4nicas. Primeiro, na <a href=\"https:\/\/www.unicesumar.edu.br\/incentivo-a-leitura-e-a-escrita-marcam-semana-de-responsabilidade-social-na-unicesumar\/\">Semana de Responsabilidade Social<\/a> da UNICESUMAR (na quinta-feira). E tamb\u00e9m hoje, na <a href=\"http:\/\/www.cbnmaringa.com.br\/noticia\/cronica-e-uma-forma-de-expressar-a-esperanca-na-vida\">entrevista<\/a> que concedi ao \u00e2ncora Gilson Aguiar, da r\u00e1dio CBN de Maring\u00e1. Este texto \u00e9 um pouco da amostra das ideias que nasceram ao longo desses bate-papos.<\/p>\n<p>&nbsp;<\/p>\n","protected":false},"excerpt":{"rendered":"<p>Escrever \u00e9 uma forma de reafirmar a esperan\u00e7a. Quando escrevo, expresso o que vejo, mas tamb\u00e9m o que ainda n\u00e3o vejo, o que eu gostaria que existisse. Pessoas, estruturas sociais, valores&#8230; nada est\u00e1 completo. Estamos em constru\u00e7\u00e3o (para a melhor ou para a pior, em alguns casos). \u00c9 imposs\u00edvel viver sem algum tipo ou alguma [&hellip;]<\/p>\n","protected":false},"author":12,"featured_media":0,"comment_status":"open","ping_status":"open","sticky":false,"template":"","format":"standard","meta":{"ngg_post_thumbnail":0,"footnotes":""},"categories":[114,5814],"tags":[5501,5506,5701,38634],"class_list":["post-1760","post","type-post","status-publish","format-standard","hentry","category-artigos","category-opiniao","tag-escrever","tag-esperanca","tag-literatura","tag-sobre-cronicas"],"_links":{"self":[{"href":"https:\/\/ultimato.com.br\/sites\/fatosecorrelatos\/wp-json\/wp\/v2\/posts\/1760","targetHints":{"allow":["GET"]}}],"collection":[{"href":"https:\/\/ultimato.com.br\/sites\/fatosecorrelatos\/wp-json\/wp\/v2\/posts"}],"about":[{"href":"https:\/\/ultimato.com.br\/sites\/fatosecorrelatos\/wp-json\/wp\/v2\/types\/post"}],"author":[{"embeddable":true,"href":"https:\/\/ultimato.com.br\/sites\/fatosecorrelatos\/wp-json\/wp\/v2\/users\/12"}],"replies":[{"embeddable":true,"href":"https:\/\/ultimato.com.br\/sites\/fatosecorrelatos\/wp-json\/wp\/v2\/comments?post=1760"}],"version-history":[{"count":2,"href":"https:\/\/ultimato.com.br\/sites\/fatosecorrelatos\/wp-json\/wp\/v2\/posts\/1760\/revisions"}],"predecessor-version":[{"id":1863,"href":"https:\/\/ultimato.com.br\/sites\/fatosecorrelatos\/wp-json\/wp\/v2\/posts\/1760\/revisions\/1863"}],"wp:attachment":[{"href":"https:\/\/ultimato.com.br\/sites\/fatosecorrelatos\/wp-json\/wp\/v2\/media?parent=1760"}],"wp:term":[{"taxonomy":"category","embeddable":true,"href":"https:\/\/ultimato.com.br\/sites\/fatosecorrelatos\/wp-json\/wp\/v2\/categories?post=1760"},{"taxonomy":"post_tag","embeddable":true,"href":"https:\/\/ultimato.com.br\/sites\/fatosecorrelatos\/wp-json\/wp\/v2\/tags?post=1760"}],"curies":[{"name":"wp","href":"https:\/\/api.w.org\/{rel}","templated":true}]}}