{"id":1742,"date":"2019-05-09T08:19:18","date_gmt":"2019-05-09T11:19:18","guid":{"rendered":"http:\/\/ultimato.com.br\/sites\/fatosecorrelatos\/?p=1742"},"modified":"2019-05-09T18:26:50","modified_gmt":"2019-05-09T21:26:50","slug":"do-que-eu-nunca-deveria-ter-esquecido","status":"publish","type":"post","link":"https:\/\/ultimato.com.br\/sites\/fatosecorrelatos\/2019\/05\/09\/do-que-eu-nunca-deveria-ter-esquecido\/","title":{"rendered":"Do que eu nunca deveria ter esquecido"},"content":{"rendered":"<blockquote><p>\u201c\u2019Eu o ouvi no tempo favor\u00e1vel e o socorri no dia da salva\u00e7\u00e3o\u2019. Digo-lhes que agora \u00e9 o tempo favor\u00e1vel, agora \u00e9 o dia da salva\u00e7\u00e3o!\u201d (<a href=\"https:\/\/www.bibliaonline.com.br\/nvi\/2co\/6\/2+\">2 Cor\u00edntios 6:2<\/a> \u2013 NVI)<\/p><\/blockquote>\n<p>&nbsp;<\/p>\n<p>Um dia Deus me ouviu, no entanto eu j\u00e1 havia me esquecido disso. Ele me socorreu quando eu mais precisava, por\u00e9m minha vida tomou rumos indiferentes a esta hist\u00f3ria de resgate.<\/p>\n<p>A vida crist\u00e3 \u00e9 uma jornada de dentro para fora. Tem in\u00edcio no rec\u00f4ndito do cora\u00e7\u00e3o que, outrora escuro e frio, ganhou ilumina\u00e7\u00e3o e sentido por meio do Esp\u00edrito Santo.<\/p>\n<p>Mesmo assim, a luta n\u00e3o cessou. Ainda h\u00e1 muitos pontos de batalha, muitas baixas e um territ\u00f3rio a ser conquistado. E em meio a tudo isso, corremos o risco de dedicar nossa aten\u00e7\u00e3o apenas \u00e0 guerra, e n\u00e3o ao Redentor.<\/p>\n<p>Deus me lembra agora que um dia Ele me ouviu e me socorreu. E que essa maravilhosa atitude divina de compaix\u00e3o far\u00e1 a grande diferen\u00e7a no momento certo da minha vida. E talvez o momento certo seja exatamente quando os dias estiverem mais tristes.<\/p>\n<p>N\u00e3o h\u00e1 tempo errado. H\u00e1 percep\u00e7\u00f5es erradas do tempo de Deus.<\/p>\n<p>Ele ouve. Ele socorre. Nunca se esque\u00e7a disso.<\/p>\n<p>Senhor, me ajuda a dedicar minha mem\u00f3ria \u00e0quilo que pode me dar esperan\u00e7a. Que eu n\u00e3o me esque\u00e7a de nenhum dos seus benef\u00edcios a fim de que consiga suportar os dias maus.<\/p>\n<p>Em teu nome,<\/p>\n<p>Am\u00e9m.<\/p>\n","protected":false},"excerpt":{"rendered":"<p>\u201c\u2019Eu o ouvi no tempo favor\u00e1vel e o socorri no dia da salva\u00e7\u00e3o\u2019. Digo-lhes que agora \u00e9 o tempo favor\u00e1vel, agora \u00e9 o dia da salva\u00e7\u00e3o!\u201d (2 Cor\u00edntios 6:2 \u2013 NVI) &nbsp; Um dia Deus me ouviu, no entanto eu j\u00e1 havia me esquecido disso. Ele me socorreu quando eu mais precisava, por\u00e9m minha vida [&hellip;]<\/p>\n","protected":false},"author":12,"featured_media":0,"comment_status":"open","ping_status":"open","sticky":false,"template":"","format":"standard","meta":{"ngg_post_thumbnail":0,"footnotes":""},"categories":[33129],"tags":[13,33129,38631,17289],"class_list":["post-1742","post","type-post","status-publish","format-standard","hentry","category-pastorais","tag-biblia","tag-pastorais","tag-versiculo","tag-voz-de-deus"],"_links":{"self":[{"href":"https:\/\/ultimato.com.br\/sites\/fatosecorrelatos\/wp-json\/wp\/v2\/posts\/1742","targetHints":{"allow":["GET"]}}],"collection":[{"href":"https:\/\/ultimato.com.br\/sites\/fatosecorrelatos\/wp-json\/wp\/v2\/posts"}],"about":[{"href":"https:\/\/ultimato.com.br\/sites\/fatosecorrelatos\/wp-json\/wp\/v2\/types\/post"}],"author":[{"embeddable":true,"href":"https:\/\/ultimato.com.br\/sites\/fatosecorrelatos\/wp-json\/wp\/v2\/users\/12"}],"replies":[{"embeddable":true,"href":"https:\/\/ultimato.com.br\/sites\/fatosecorrelatos\/wp-json\/wp\/v2\/comments?post=1742"}],"version-history":[{"count":2,"href":"https:\/\/ultimato.com.br\/sites\/fatosecorrelatos\/wp-json\/wp\/v2\/posts\/1742\/revisions"}],"predecessor-version":[{"id":1744,"href":"https:\/\/ultimato.com.br\/sites\/fatosecorrelatos\/wp-json\/wp\/v2\/posts\/1742\/revisions\/1744"}],"wp:attachment":[{"href":"https:\/\/ultimato.com.br\/sites\/fatosecorrelatos\/wp-json\/wp\/v2\/media?parent=1742"}],"wp:term":[{"taxonomy":"category","embeddable":true,"href":"https:\/\/ultimato.com.br\/sites\/fatosecorrelatos\/wp-json\/wp\/v2\/categories?post=1742"},{"taxonomy":"post_tag","embeddable":true,"href":"https:\/\/ultimato.com.br\/sites\/fatosecorrelatos\/wp-json\/wp\/v2\/tags?post=1742"}],"curies":[{"name":"wp","href":"https:\/\/api.w.org\/{rel}","templated":true}]}}