{"id":1739,"date":"2019-04-21T14:29:25","date_gmt":"2019-04-21T17:29:25","guid":{"rendered":"http:\/\/ultimato.com.br\/sites\/fatosecorrelatos\/?p=1739"},"modified":"2019-04-21T14:29:25","modified_gmt":"2019-04-21T17:29:25","slug":"o-primeiro-dia-do-resto-de-nossas-vidas","status":"publish","type":"post","link":"https:\/\/ultimato.com.br\/sites\/fatosecorrelatos\/2019\/04\/21\/o-primeiro-dia-do-resto-de-nossas-vidas\/","title":{"rendered":"O primeiro dia do resto de nossas vidas"},"content":{"rendered":"<p>Aquela manh\u00e3 de domingo seria mais do que um domingo. Seria o primeiro dia do resto de nossas vidas. Toda a hist\u00f3ria de todos os tempos \u2013 desde o \u201chaja luz\u201d at\u00e9 ao \u201cest\u00e1 consumado\u201d \u2013 convergiu para aquele exato dia. Toda a altera\u00e7\u00e3o clim\u00e1tica, o tempo, a temperatura, os aromas, os cheiros&#8230; tudo.<\/p>\n<p>Os movimentos das pessoas, seus planos cotidianos, suas resolu\u00e7\u00f5es di\u00e1rias, seus sentimentos, suas decis\u00f5es pequenas no primeiro dia da semana. Tudo, de alguma maneira, se encaixou naquela hora, naquele momento.<\/p>\n<p>Nada foi aleat\u00f3rio, mesmo que, aparentemente, tudo fora igual. Ap\u00f3s o s\u00e1bado, os judeus se preparavam para mais um dia de trabalho. Mas no oculto acontecia a execu\u00e7\u00e3o de um plano, o maior de todos, que levaria os homens a uma porta nunca antes aberta; uma entrada em dire\u00e7\u00e3o \u00e0 luz, \u00e0 alvorada de um novo tempo, de um sonho long\u00ednquo que tornara-se real.<\/p>\n<p>A mensagem prestes a ser anunciada superava infinitamente qualquer ritual religioso, qualquer interpreta\u00e7\u00e3o erudita do Talmude, qualquer costume, qualquer dogma ou qualquer te\u00f3logo famoso e renomado. A Verdade, que outrora vestira-se de lamento, agora trajava a brilhante e alegre t\u00fanica da ressurrei\u00e7\u00e3o.<\/p>\n<p>Certo \u00e9 que nenhuma ferida impediu a cura. Nenhuma lembran\u00e7a de dor ou cicatriz venceu a esperan\u00e7a de liberta\u00e7\u00e3o.<\/p>\n<p>Era domingo. Manh\u00e3. As amigas de Jesus foram v\u00ea-lo, cuidar para que seu corpo estivesse devidamente preparado. A morte era absoluta at\u00e9 ent\u00e3o em suas mentes e cora\u00e7\u00f5es. Mas o anjo veio como rel\u00e2mpago. Sua for\u00e7a era demonstrada para al\u00e9m do pesar. A voz do Salmo 29 foi traduzida para al\u00e9m da poesia judaica. \u201cN\u00e3o temam\u201d foi a palavra, o conselho, a instru\u00e7\u00e3o. N\u00e3o h\u00e1 algemas em que o medo possa nos prender. As circunst\u00e2ncias s\u00e3o condi\u00e7\u00f5es, mas n\u00e3o destinos. O destino est\u00e1 posto naquele que saiu do sepulcro. Ele guia os passos dos disc\u00edpulos para al\u00e9m do lamento, da culpa ou do vitimismo. \u201cMe encontrem na Galileia\u201d, ele diz. O senso de miss\u00e3o n\u00e3o morreu. A Galileia \u00e9 um lugar da miss\u00e3o; l\u00e1 o Evangelho foi anunciado e vivido. Ap\u00f3s a morte, vem a ressurrei\u00e7\u00e3o. E a ressurrei\u00e7\u00e3o faz renascer a voca\u00e7\u00e3o. Vamos nos encontrar novamente para realinharmos nosso chamado no mundo.<\/p>\n<p>Hoje \u00e9 domingo de P\u00e1scoa. \u00c9 o come\u00e7o de uma nova vida, de uma nova esperan\u00e7a. Se o mundo, com suas engenhosas teorias e ilus\u00f5es, n\u00e3o \u00e9 capaz de nos dar isso, ent\u00e3o por que insistir em construir o futuro com nossas pr\u00f3prias m\u00e3os?<\/p>\n<p>Na verdade, tudo come\u00e7a no t\u00famulo vazio. L\u00e1, iniciamos a jornada em dire\u00e7\u00e3o ao futuro. L\u00e1, nossos olhos s\u00e3o abertos para o plano de Deus. L\u00e1, enfrentamos o medo e caminhamos em dire\u00e7\u00e3o ao (re)encontro com o Senhor. O caminho \u00e9 longo, \u00e1rduo e exigir\u00e1 de n\u00f3s mais do que boas inten\u00e7\u00f5es. Mas se h\u00e1 algo ao nosso favor, \u00e9 a garantia de que Jesus Cristo caminha conosco e nos encontrar\u00e1 no destino final.<\/p>\n<p>Tenha esperan\u00e7a. \u00c9 s\u00f3 o in\u00edcio. Este \u00e9 o primeiro dia do resto de nossas vidas.<\/p>\n<p>&nbsp;<\/p>\n<p>&nbsp;<\/p>\n","protected":false},"excerpt":{"rendered":"<p>Aquela manh\u00e3 de domingo seria mais do que um domingo. Seria o primeiro dia do resto de nossas vidas. Toda a hist\u00f3ria de todos os tempos \u2013 desde o \u201chaja luz\u201d at\u00e9 ao \u201cest\u00e1 consumado\u201d \u2013 convergiu para aquele exato dia. Toda a altera\u00e7\u00e3o clim\u00e1tica, o tempo, a temperatura, os aromas, os cheiros&#8230; tudo. Os [&hellip;]<\/p>\n","protected":false},"author":12,"featured_media":0,"comment_status":"open","ping_status":"open","sticky":false,"template":"","format":"standard","meta":{"ngg_post_thumbnail":0,"footnotes":""},"categories":[7654,24533],"tags":[7654,24541,5851],"class_list":["post-1739","post","type-post","status-publish","format-standard","hentry","category-cronicas","category-cronicas-biblicas","tag-cronicas","tag-cronicas-biblicas","tag-pascoa"],"_links":{"self":[{"href":"https:\/\/ultimato.com.br\/sites\/fatosecorrelatos\/wp-json\/wp\/v2\/posts\/1739","targetHints":{"allow":["GET"]}}],"collection":[{"href":"https:\/\/ultimato.com.br\/sites\/fatosecorrelatos\/wp-json\/wp\/v2\/posts"}],"about":[{"href":"https:\/\/ultimato.com.br\/sites\/fatosecorrelatos\/wp-json\/wp\/v2\/types\/post"}],"author":[{"embeddable":true,"href":"https:\/\/ultimato.com.br\/sites\/fatosecorrelatos\/wp-json\/wp\/v2\/users\/12"}],"replies":[{"embeddable":true,"href":"https:\/\/ultimato.com.br\/sites\/fatosecorrelatos\/wp-json\/wp\/v2\/comments?post=1739"}],"version-history":[{"count":1,"href":"https:\/\/ultimato.com.br\/sites\/fatosecorrelatos\/wp-json\/wp\/v2\/posts\/1739\/revisions"}],"predecessor-version":[{"id":1740,"href":"https:\/\/ultimato.com.br\/sites\/fatosecorrelatos\/wp-json\/wp\/v2\/posts\/1739\/revisions\/1740"}],"wp:attachment":[{"href":"https:\/\/ultimato.com.br\/sites\/fatosecorrelatos\/wp-json\/wp\/v2\/media?parent=1739"}],"wp:term":[{"taxonomy":"category","embeddable":true,"href":"https:\/\/ultimato.com.br\/sites\/fatosecorrelatos\/wp-json\/wp\/v2\/categories?post=1739"},{"taxonomy":"post_tag","embeddable":true,"href":"https:\/\/ultimato.com.br\/sites\/fatosecorrelatos\/wp-json\/wp\/v2\/tags?post=1739"}],"curies":[{"name":"wp","href":"https:\/\/api.w.org\/{rel}","templated":true}]}}