{"id":1732,"date":"2018-12-24T16:09:03","date_gmt":"2018-12-24T19:09:03","guid":{"rendered":"http:\/\/ultimato.com.br\/sites\/fatosecorrelatos\/?p=1732"},"modified":"2018-12-24T16:09:03","modified_gmt":"2018-12-24T19:09:03","slug":"natal-o-encontro-da-grandeza-com-a-pequenez","status":"publish","type":"post","link":"https:\/\/ultimato.com.br\/sites\/fatosecorrelatos\/2018\/12\/24\/natal-o-encontro-da-grandeza-com-a-pequenez\/","title":{"rendered":"Natal: o encontro da grandeza com a pequenez"},"content":{"rendered":"<p>Hoje \u2013 v\u00e9spera de Natal \u2013 eu acordei me sentindo pequeno demais. Mas n\u00e3o \u00e9 complexo de inferioridade. A vida que \u00e9 grande e profunda demais.<\/p>\n<p>A celebra\u00e7\u00e3o do Natal, no entanto, me mostra que houve um dia em que a grandeza encontrou-se com a pequenez, o infinito com o finito, a mist\u00e9rio com o concreto, o majestoso com o simples, o passado com o presente e com o futuro.<\/p>\n<p>J\u00e1 seria poesia por si s\u00f3, n\u00e3o redundasse tal fato em salva\u00e7\u00e3o.<\/p>\n<p>Deus nos salva&#8230; do buraco da exist\u00eancia que nos faz sentir in\u00fateis diante da imensid\u00e3o da vida.<\/p>\n<p>Com a encarna\u00e7\u00e3o de Jesus, Deus \u00e9 conosco. Em meio \u00e0s fraquezas, incoer\u00eancias e ambiguidades. Deus \u00e9 conosco.<\/p>\n<p>\u00c9 sobre proximidade que o Natal fala. Ou melhor, grita.<\/p>\n<p>Depois do Natal, nada nem ningu\u00e9m mais deve estar preso \u00e0 solid\u00e3o.<\/p>\n<p>\u00c9 ato de f\u00e9 acreditar no Natal. F\u00e9 que nasce no cora\u00e7\u00e3o de quem admite a incapacidade de controlar a vida e entrega-se \u00e0 Fonte da vida.<\/p>\n<p>Natal. Uni\u00e3o improv\u00e1vel. Salva\u00e7\u00e3o. F\u00e9. Entrega. Deus. Conosco. Para sempre.<\/p>\n<p>Feliz Natal!<\/p>\n","protected":false},"excerpt":{"rendered":"<p>Hoje \u2013 v\u00e9spera de Natal \u2013 eu acordei me sentindo pequeno demais. Mas n\u00e3o \u00e9 complexo de inferioridade. A vida que \u00e9 grande e profunda demais. A celebra\u00e7\u00e3o do Natal, no entanto, me mostra que houve um dia em que a grandeza encontrou-se com a pequenez, o infinito com o finito, a mist\u00e9rio com o [&hellip;]<\/p>\n","protected":false},"author":12,"featured_media":0,"comment_status":"open","ping_status":"open","sticky":false,"template":"","format":"standard","meta":{"ngg_post_thumbnail":0,"footnotes":""},"categories":[7654,24533],"tags":[82],"class_list":["post-1732","post","type-post","status-publish","format-standard","hentry","category-cronicas","category-cronicas-biblicas","tag-natal"],"_links":{"self":[{"href":"https:\/\/ultimato.com.br\/sites\/fatosecorrelatos\/wp-json\/wp\/v2\/posts\/1732","targetHints":{"allow":["GET"]}}],"collection":[{"href":"https:\/\/ultimato.com.br\/sites\/fatosecorrelatos\/wp-json\/wp\/v2\/posts"}],"about":[{"href":"https:\/\/ultimato.com.br\/sites\/fatosecorrelatos\/wp-json\/wp\/v2\/types\/post"}],"author":[{"embeddable":true,"href":"https:\/\/ultimato.com.br\/sites\/fatosecorrelatos\/wp-json\/wp\/v2\/users\/12"}],"replies":[{"embeddable":true,"href":"https:\/\/ultimato.com.br\/sites\/fatosecorrelatos\/wp-json\/wp\/v2\/comments?post=1732"}],"version-history":[{"count":1,"href":"https:\/\/ultimato.com.br\/sites\/fatosecorrelatos\/wp-json\/wp\/v2\/posts\/1732\/revisions"}],"predecessor-version":[{"id":1733,"href":"https:\/\/ultimato.com.br\/sites\/fatosecorrelatos\/wp-json\/wp\/v2\/posts\/1732\/revisions\/1733"}],"wp:attachment":[{"href":"https:\/\/ultimato.com.br\/sites\/fatosecorrelatos\/wp-json\/wp\/v2\/media?parent=1732"}],"wp:term":[{"taxonomy":"category","embeddable":true,"href":"https:\/\/ultimato.com.br\/sites\/fatosecorrelatos\/wp-json\/wp\/v2\/categories?post=1732"},{"taxonomy":"post_tag","embeddable":true,"href":"https:\/\/ultimato.com.br\/sites\/fatosecorrelatos\/wp-json\/wp\/v2\/tags?post=1732"}],"curies":[{"name":"wp","href":"https:\/\/api.w.org\/{rel}","templated":true}]}}