{"id":1726,"date":"2018-10-20T17:51:52","date_gmt":"2018-10-20T20:51:52","guid":{"rendered":"http:\/\/ultimato.com.br\/sites\/fatosecorrelatos\/?p=1726"},"modified":"2018-10-20T17:52:08","modified_gmt":"2018-10-20T20:52:08","slug":"semeador-da-esperanca","status":"publish","type":"post","link":"https:\/\/ultimato.com.br\/sites\/fatosecorrelatos\/2018\/10\/20\/semeador-da-esperanca\/","title":{"rendered":"Semeador da Esperan\u00e7a"},"content":{"rendered":"<p>Pelas estradas da vida, ele semeava<br \/>\nLan\u00e7ava sementes e mais sementes, sem medida.<br \/>\nAlguns perguntavam: por qu\u00ea?<br \/>\nOutros: n\u00e3o vale nada.<br \/>\nMas o semeador a semear continuava.<\/p>\n<p>Gr\u00e3os ca\u00edram no meio do caminho, e as aves o comeram.<br \/>\nN\u00e3o nasceram, mas voaram;<br \/>\nOutros entre as pedras ficaram;<br \/>\nBrotaram, mas sem ra\u00edzes profundas.<br \/>\nExistiram, mas, sem for\u00e7as, sucumbiram.<\/p>\n<p>Com ervas inimigas, outro punhado ficou.<br \/>\nE a m\u00e1 companhia da desinforma\u00e7\u00e3o o sufocou.<\/p>\n<p>Por fim, as sementes em boa terra cresceram.<br \/>\nE produziram uma colheita surpreendente,<br \/>\nAliviando a fome, e fazendo todo o povo contente.<\/p>\n<p>E s\u00f3 ent\u00e3o as pessoas come\u00e7aram a perceber o que \u00e9:<br \/>\nQue a esperan\u00e7a sempre se veste de semente<br \/>\nE todo caminho \u00e9 uma trilha de f\u00e9.<\/p>\n<p>Que o conhecimento \u00e9 eterno, e n\u00e3o escondido.<br \/>\nPara quem eternamente o busca,<br \/>\ncomo um pai procura pelo filho perdido.<\/p>\n<p>Que a Palavra nunca morrer\u00e1<br \/>\nMesmo num mundo fr\u00e1gil, cheio de medos,<br \/>\nDe dessabores, tempestades e desesperos.<\/p>\n<p>Assim o semeador segue a caminhar,<br \/>\nSemeando gr\u00e3os e plantando esperan\u00e7a,<br \/>\nTransformando escassez em bonan\u00e7a,<br \/>\nE ensinando nossos olhos a enxergar.<\/p>\n","protected":false},"excerpt":{"rendered":"<p>Pelas estradas da vida, ele semeava Lan\u00e7ava sementes e mais sementes, sem medida. Alguns perguntavam: por qu\u00ea? Outros: n\u00e3o vale nada. Mas o semeador a semear continuava. Gr\u00e3os ca\u00edram no meio do caminho, e as aves o comeram. N\u00e3o nasceram, mas voaram; Outros entre as pedras ficaram; Brotaram, mas sem ra\u00edzes profundas. Existiram, mas, sem [&hellip;]<\/p>\n","protected":false},"author":12,"featured_media":0,"comment_status":"open","ping_status":"open","sticky":false,"template":"","format":"standard","meta":{"ngg_post_thumbnail":0,"footnotes":""},"categories":[7655],"tags":[5871,160,38628],"class_list":["post-1726","post","type-post","status-publish","format-standard","hentry","category-poesias","tag-poema","tag-poesia","tag-semeador"],"_links":{"self":[{"href":"https:\/\/ultimato.com.br\/sites\/fatosecorrelatos\/wp-json\/wp\/v2\/posts\/1726","targetHints":{"allow":["GET"]}}],"collection":[{"href":"https:\/\/ultimato.com.br\/sites\/fatosecorrelatos\/wp-json\/wp\/v2\/posts"}],"about":[{"href":"https:\/\/ultimato.com.br\/sites\/fatosecorrelatos\/wp-json\/wp\/v2\/types\/post"}],"author":[{"embeddable":true,"href":"https:\/\/ultimato.com.br\/sites\/fatosecorrelatos\/wp-json\/wp\/v2\/users\/12"}],"replies":[{"embeddable":true,"href":"https:\/\/ultimato.com.br\/sites\/fatosecorrelatos\/wp-json\/wp\/v2\/comments?post=1726"}],"version-history":[{"count":1,"href":"https:\/\/ultimato.com.br\/sites\/fatosecorrelatos\/wp-json\/wp\/v2\/posts\/1726\/revisions"}],"predecessor-version":[{"id":1727,"href":"https:\/\/ultimato.com.br\/sites\/fatosecorrelatos\/wp-json\/wp\/v2\/posts\/1726\/revisions\/1727"}],"wp:attachment":[{"href":"https:\/\/ultimato.com.br\/sites\/fatosecorrelatos\/wp-json\/wp\/v2\/media?parent=1726"}],"wp:term":[{"taxonomy":"category","embeddable":true,"href":"https:\/\/ultimato.com.br\/sites\/fatosecorrelatos\/wp-json\/wp\/v2\/categories?post=1726"},{"taxonomy":"post_tag","embeddable":true,"href":"https:\/\/ultimato.com.br\/sites\/fatosecorrelatos\/wp-json\/wp\/v2\/tags?post=1726"}],"curies":[{"name":"wp","href":"https:\/\/api.w.org\/{rel}","templated":true}]}}