{"id":1697,"date":"2018-06-24T21:28:19","date_gmt":"2018-06-25T00:28:19","guid":{"rendered":"http:\/\/ultimato.com.br\/sites\/fatosecorrelatos\/?p=1697"},"modified":"2018-06-25T13:27:33","modified_gmt":"2018-06-25T16:27:33","slug":"um-velho-pastor","status":"publish","type":"post","link":"https:\/\/ultimato.com.br\/sites\/fatosecorrelatos\/2018\/06\/24\/um-velho-pastor\/","title":{"rendered":"Um velho pastor"},"content":{"rendered":"<p>A voz sa\u00eda com dificuldade, sob o peso da velhice e das dores que o afetam constantemente. Mesmo assim os pensamentos eram claros e sucintos. Era a voz de um velho pastor.<\/p>\n<p>Jo\u00e3o Rodrigues tem 85 anos. Caminha com muita dificuldade. Na verdade, na maior parte do tempo, ele est\u00e1 sentado.<\/p>\n<p>Por muito tempo, morou em uma casa grande, intencionalmente escolhida para acolher pessoas. Hoje, vive em uma resid\u00eancia menor, com a esposa dona Carmen e filhos. Sente-se orgulhoso em contabilizar o n\u00famero de visitas que j\u00e1 fez na vida.<\/p>\n<p>Eu n\u00e3o conhecia o Pr. Jo\u00e3o. Fui l\u00e1 entrevist\u00e1-lo para um v\u00eddeo. Era uma manh\u00e3 ensolarada, com os raios entrando pela janela da sala. Come\u00e7o fazendo uma pergunta espec\u00edfica, mas ele me d\u00e1 outra resposta. Fala sobre sua vida pessoal. <span style=\"display: inline !important; float: none; background-color: transparent; color: #333333; cursor: text; font-family: Georgia,'Times New Roman','Bitstream Charter',Times,serif; font-size: 16px; font-style: normal; font-variant: normal; font-weight: 400; letter-spacing: normal; orphans: 2; text-align: left; text-decoration: none; text-indent: 0px; text-transform: none; -webkit-text-stroke-width: 0px; white-space: normal; word-spacing: 0px;\"> Emociona-se. <\/span>Conta como Deus lhe \u00e9 precioso; e conta de um jeito comovente, relevando como sua f\u00e9 \u00e9 viva e real.<\/p>\n<p>Enquanto o pastor fala, uma das suas filhas faz gestos para mim, l\u00e1 no fundo da sala. Ela est\u00e1 tensa com o fato do Pr. Jo\u00e3o n\u00e3o ter respondido minha pergunta. &#8220;Ele sempre faz isso&#8221;, diz a filha. Mas eu n\u00e3o estou preocupado. Quero ouvi-lo mais, quero aprender sobre uma vida de f\u00e9 com o testemunho daquele velho homem fr\u00e1gil fisicamente, mas forte espiritualmente.<\/p>\n<p>Pr. Jo\u00e3o diz que sem Deus n\u00e3o h\u00e1 prazer na vida. De forma simples, me trata como se eu fosse sua ovelha. \u00c9 simp\u00e1tico. \u00c9 pastoral.<\/p>\n<p>Ap\u00f3s alguns minutos, eu tive que seguir a pauta da entrevista e, por isso, n\u00e3o ouvi o final da hist\u00f3ria do Pr. Jo\u00e3o. Talvez n\u00e3o seja necess\u00e1rio. O que me falou j\u00e1 \u00e9 suficiente para eu me lembrar que <em>o final da vida \u00e9 um exerc\u00edcio cotidiano de navegar em uma jangada, sem equipamentos, sem salva-vidas, sem &#8220;plano B&#8221;. \u00c9 sobreviver apenas com o essencial, com o b\u00e1sico, com o que nos resta.<\/em> O que restou \u00e0quele homem? Sa\u00fade? Recursos? Fama? Nada, exceto o amor que dedicou \u00e0s pessoas e a intimidade com Deus cultivada ao longo de tantos anos.<\/p>\n<p>Pr. Jo\u00e3o estava de &#8220;m\u00e3os vazias&#8221;, mas com o cora\u00e7\u00e3o cheio de gra\u00e7a.<\/p>\n<p>Talvez seja s\u00f3 h\u00e1bito de pastor. Ou talvez n\u00e3o.<\/p>\n<p>A velhice talvez seja voltar \u00e0s origens. Assim como Deus sempre quis.<\/p>\n<p>&nbsp;<\/p>\n<blockquote><p><em>Deus e paix\u00e3o s\u00e3o os ingredientes essenciais para a vida. (Eugene Peterson)<\/em><\/p><\/blockquote>\n","protected":false},"excerpt":{"rendered":"<p>A voz sa\u00eda com dificuldade, sob o peso da velhice e das dores que o afetam constantemente. Mesmo assim os pensamentos eram claros e sucintos. Era a voz de um velho pastor. Jo\u00e3o Rodrigues tem 85 anos. Caminha com muita dificuldade. Na verdade, na maior parte do tempo, ele est\u00e1 sentado. Por muito tempo, morou [&hellip;]<\/p>\n","protected":false},"author":12,"featured_media":0,"comment_status":"open","ping_status":"open","sticky":false,"template":"","format":"standard","meta":{"ngg_post_thumbnail":0,"footnotes":""},"categories":[7654],"tags":[20358],"class_list":["post-1697","post","type-post","status-publish","format-standard","hentry","category-cronicas","tag-velhice"],"_links":{"self":[{"href":"https:\/\/ultimato.com.br\/sites\/fatosecorrelatos\/wp-json\/wp\/v2\/posts\/1697","targetHints":{"allow":["GET"]}}],"collection":[{"href":"https:\/\/ultimato.com.br\/sites\/fatosecorrelatos\/wp-json\/wp\/v2\/posts"}],"about":[{"href":"https:\/\/ultimato.com.br\/sites\/fatosecorrelatos\/wp-json\/wp\/v2\/types\/post"}],"author":[{"embeddable":true,"href":"https:\/\/ultimato.com.br\/sites\/fatosecorrelatos\/wp-json\/wp\/v2\/users\/12"}],"replies":[{"embeddable":true,"href":"https:\/\/ultimato.com.br\/sites\/fatosecorrelatos\/wp-json\/wp\/v2\/comments?post=1697"}],"version-history":[{"count":9,"href":"https:\/\/ultimato.com.br\/sites\/fatosecorrelatos\/wp-json\/wp\/v2\/posts\/1697\/revisions"}],"predecessor-version":[{"id":1706,"href":"https:\/\/ultimato.com.br\/sites\/fatosecorrelatos\/wp-json\/wp\/v2\/posts\/1697\/revisions\/1706"}],"wp:attachment":[{"href":"https:\/\/ultimato.com.br\/sites\/fatosecorrelatos\/wp-json\/wp\/v2\/media?parent=1697"}],"wp:term":[{"taxonomy":"category","embeddable":true,"href":"https:\/\/ultimato.com.br\/sites\/fatosecorrelatos\/wp-json\/wp\/v2\/categories?post=1697"},{"taxonomy":"post_tag","embeddable":true,"href":"https:\/\/ultimato.com.br\/sites\/fatosecorrelatos\/wp-json\/wp\/v2\/tags?post=1697"}],"curies":[{"name":"wp","href":"https:\/\/api.w.org\/{rel}","templated":true}]}}