{"id":1686,"date":"2018-03-20T09:25:25","date_gmt":"2018-03-20T12:25:25","guid":{"rendered":"http:\/\/ultimato.com.br\/sites\/fatosecorrelatos\/?p=1686"},"modified":"2018-03-20T09:25:25","modified_gmt":"2018-03-20T12:25:25","slug":"uma-diferenca-entre-prosa-e-poesia","status":"publish","type":"post","link":"https:\/\/ultimato.com.br\/sites\/fatosecorrelatos\/2018\/03\/20\/uma-diferenca-entre-prosa-e-poesia\/","title":{"rendered":"Uma diferen\u00e7a entre prosa e poesia"},"content":{"rendered":"<p>Um romance nasce de uma ideia, vira um roteiro, ganha uma linguagem e, em seguida, um trabalho bra\u00e7al, todos os dias, durante um ano e meio.<\/p>\n<p>J\u00e1 a poesia \u00e9 um estalo; um verso solto, uma imagem, uma ideia concentrada em palavras.<\/p>\n<p>N\u00e3o d\u00e1 para levantar cedo, tomar caf\u00e9, ir \u00e0 mesa do escrit\u00f3rio e decidir: &#8220;vou escrever um poema&#8221;. Imposs\u00edvel. Mas, a prosa, para mim, \u00e9 bem assim.<\/p>\n<p><strong>&#8212; Cristov\u00e3o Tezza, romancista ao Jornal Metro (16\/03\/2018).<\/strong><\/p>\n<p>&nbsp;<\/p>\n","protected":false},"excerpt":{"rendered":"<p>Um romance nasce de uma ideia, vira um roteiro, ganha uma linguagem e, em seguida, um trabalho bra\u00e7al, todos os dias, durante um ano e meio. J\u00e1 a poesia \u00e9 um estalo; um verso solto, uma imagem, uma ideia concentrada em palavras. N\u00e3o d\u00e1 para levantar cedo, tomar caf\u00e9, ir \u00e0 mesa do escrit\u00f3rio e [&hellip;]<\/p>\n","protected":false},"author":12,"featured_media":0,"comment_status":"open","ping_status":"open","sticky":false,"template":"","format":"standard","meta":{"ngg_post_thumbnail":0,"footnotes":""},"categories":[7656],"tags":[5701,160,38623],"class_list":["post-1686","post","type-post","status-publish","format-standard","hentry","category-outras-vozes","tag-literatura","tag-poesia","tag-prosa"],"_links":{"self":[{"href":"https:\/\/ultimato.com.br\/sites\/fatosecorrelatos\/wp-json\/wp\/v2\/posts\/1686","targetHints":{"allow":["GET"]}}],"collection":[{"href":"https:\/\/ultimato.com.br\/sites\/fatosecorrelatos\/wp-json\/wp\/v2\/posts"}],"about":[{"href":"https:\/\/ultimato.com.br\/sites\/fatosecorrelatos\/wp-json\/wp\/v2\/types\/post"}],"author":[{"embeddable":true,"href":"https:\/\/ultimato.com.br\/sites\/fatosecorrelatos\/wp-json\/wp\/v2\/users\/12"}],"replies":[{"embeddable":true,"href":"https:\/\/ultimato.com.br\/sites\/fatosecorrelatos\/wp-json\/wp\/v2\/comments?post=1686"}],"version-history":[{"count":1,"href":"https:\/\/ultimato.com.br\/sites\/fatosecorrelatos\/wp-json\/wp\/v2\/posts\/1686\/revisions"}],"predecessor-version":[{"id":1687,"href":"https:\/\/ultimato.com.br\/sites\/fatosecorrelatos\/wp-json\/wp\/v2\/posts\/1686\/revisions\/1687"}],"wp:attachment":[{"href":"https:\/\/ultimato.com.br\/sites\/fatosecorrelatos\/wp-json\/wp\/v2\/media?parent=1686"}],"wp:term":[{"taxonomy":"category","embeddable":true,"href":"https:\/\/ultimato.com.br\/sites\/fatosecorrelatos\/wp-json\/wp\/v2\/categories?post=1686"},{"taxonomy":"post_tag","embeddable":true,"href":"https:\/\/ultimato.com.br\/sites\/fatosecorrelatos\/wp-json\/wp\/v2\/tags?post=1686"}],"curies":[{"name":"wp","href":"https:\/\/api.w.org\/{rel}","templated":true}]}}