{"id":1658,"date":"2017-09-08T11:14:48","date_gmt":"2017-09-08T14:14:48","guid":{"rendered":"http:\/\/ultimato.com.br\/sites\/fatosecorrelatos\/?p=1658"},"modified":"2017-09-14T15:01:39","modified_gmt":"2017-09-14T18:01:39","slug":"selfies-idolatria-e-o-segundo-mandamento","status":"publish","type":"post","link":"https:\/\/ultimato.com.br\/sites\/fatosecorrelatos\/2017\/09\/08\/selfies-idolatria-e-o-segundo-mandamento\/","title":{"rendered":"Selfies, idolatria e o segundo mandamento"},"content":{"rendered":"<div id=\"attachment_1659\" style=\"width: 410px\" class=\"wp-caption alignright\"><a href=\"http:\/\/ultimato.com.br\/sites\/fatosecorrelatos\/files\/blue-1039469_1280-e1504879852813.jpg\" class=\"lightview\" data-lightview-group=\"group-1658\" data-lightview-options=\"skin: 'dark', controls: 'relative', padding: '10', shadow: { color: '#000000', opacity: 0.08, blur: 3 }\"><img loading=\"lazy\" decoding=\"async\" aria-describedby=\"caption-attachment-1659\" class=\"wp-image-1659 size-full\" src=\"http:\/\/ultimato.com.br\/sites\/fatosecorrelatos\/files\/blue-1039469_1280-e1504879852813.jpg\" alt=\"\" width=\"400\" height=\"400\" \/><\/a><p id=\"caption-attachment-1659\" class=\"wp-caption-text\">Macrat (pixabay.com)<\/p><\/div>\n<p>J\u00e1 \u00e9 quase comum. Nem pensamos muito. Tudo virou m\u00eddia. Tudo \u00e9 manchete. Tudo, mas principalmente eu mesmo. O que me faz pensar que o aspecto ordin\u00e1rio da minha vida \u00e9 interessante? Por tr\u00e1s do que mostramos est\u00e1 uma necessidade gigantesca de sermos vistos.<\/p>\n<p>&#8220;Obsess\u00e3o pela pr\u00f3pria apar\u00eancia&#8221;. Esta \u00e9 a defini\u00e7\u00e3o para <strong>narcisismo<\/strong> dada por Vanessa Hill, psic\u00f3loga australiana e especialista em m\u00eddias sociais. Diz a hist\u00f3ria que Narciso era prisioneiro de si mesmo. Quem diria! Somos o &#8220;\u00eddolo&#8221; que o Segundo Mandamento nos ordena a evitar:<\/p>\n<p>&nbsp;<\/p>\n<blockquote>\n<div>N\u00e3o far\u00e1s para ti nenhum \u00eddolo, nenhuma imagem de qualquer coisa no c\u00e9u, na terra, ou nas \u00e1guas debaixo da terra.<br \/>\n<a href=\"https:\/\/www.bibliaonline.com.br\/nvi\/ex\/20\/4\">\u00caxodo 20:4<\/a><\/div>\n<\/blockquote>\n<p>&nbsp;<\/p>\n<p>Somos uma gera\u00e7\u00e3o marcada pelas grandes ilus\u00f5es. Ap\u00f3s as trag\u00e9dias das Duas Guerras, j\u00e1 n\u00e3o confiamos em grandes coisas nem em deuses universais. N\u00e3o mais cremos fielmente em verdades absolutas nem em esperan\u00e7as eternas. N\u00e3o estamos preocupados em deixar nenhum legado real para gera\u00e7\u00f5es futuras. Mas, ao mesmo tempo, queremos ser &#8220;adorados&#8221; como nunca. Realmente somos o tal <em>Homo incurvatus in si<\/em> \u2013 o homem curvado para si mesmo. Decidimos preencher o vazio de Deus com nossa pr\u00f3pria imagem &#8211; maquiada, sorridente, bela.<\/p>\n<p>As redes sociais s\u00e3o ferramentas ideais para o ritual id\u00f3latra. A idolatria de hoje n\u00e3o apresenta contornos tradicionais nem \u00edcones religiosos. Ela se faz na adora\u00e7\u00e3o da humanidade, no hedonismo pelo mundo fabricado por n\u00f3s mesmos. E \u00e9 neste universo<em> fake<\/em> que nos contentamos com a mentira e nos afastamos da verdade.<\/p>\n<p>Quando Deus nos alertou que n\u00e3o fiz\u00e9ssemos \u00eddolos, ele o disse em um contexto cultural no qual as pessoas viam os deuses como sujeitos poderosos e, fundamentalmente, \u00fateis. \u00dateis para dar a eles o que precisavam, como colheitas abundantes. No final das contas, o que o cora\u00e7\u00e3o id\u00f3latra revelava \u00e9 que o culto n\u00e3o era uma entrega ao Deus bondoso, mas uma troca de favores que obrigatoriamente deveria beneficiar a vida de quem prestava culto.<\/p>\n<p>A idolatria do passado se relaciona com a de hoje em um aspecto fundamental: o &#8220;eu&#8221; \u00e9 o centro. Mas n\u00e3o subestime o egocentrismo. Ele \u00e9 criativo, cria maneiras de parecer o que n\u00e3o \u00e9, e de n\u00e3o parecer o que \u00e9. A mania do <em>selfie<\/em> \u00e9 s\u00f3 uma express\u00e3o de quem somos e do que move os desejos do nosso cora\u00e7\u00e3o. Obviamente que n\u00e3o \u00e9 errado fazer <em>selfies<\/em>, assim como n\u00e3o \u00e9 errado contar nossas pr\u00f3prias hist\u00f3rias em um livro ou assinar um &#8220;testemunho de convers\u00e3o&#8221;. Mas a sabedoria cresce no solo da prud\u00eancia. Os alertas de Deus n\u00e3o devem ser ignorados. O risco \u00e9 real. Quanto mais nos colocamos no centro, mais nos afastamos de Deus.<\/p>\n<div>\n<p>Uma ora\u00e7\u00e3o ideal para esta \u00e9poca da mentira e do autoengano \u00e9:<\/p>\n<\/div>\n<div><\/div>\n<div><\/div>\n<blockquote>\n<div>Sonda-me, \u00f3 Deus, e conhece o meu cora\u00e7\u00e3o; prova-me, e conhece as minhas inquieta\u00e7\u00f5es. <a href=\"https:\/\/www.bibliaonline.com.br\/nvi\/sl\/139\/23+\">Salmos 139:23<\/a><\/div>\n<\/blockquote>\n<div><\/div>\n<div><\/div>\n<div>Ta\u00ed um bom exerc\u00edcio: antes de mostrar-se aos outros, mostre-se a Deus. E se voc\u00ea ainda n\u00e3o tem coragem de fazer isso, ore. Pe\u00e7a que ele esquadrinhe seu interior ao ponto de livr\u00e1-lo dos desejos id\u00f3latras. Este \u00e9 o caminho para a liberdade.<\/div>\n<div><\/div>\n<div><\/div>\n","protected":false},"excerpt":{"rendered":"<p>J\u00e1 \u00e9 quase comum. Nem pensamos muito. Tudo virou m\u00eddia. Tudo \u00e9 manchete. Tudo, mas principalmente eu mesmo. O que me faz pensar que o aspecto ordin\u00e1rio da minha vida \u00e9 interessante? Por tr\u00e1s do que mostramos est\u00e1 uma necessidade gigantesca de sermos vistos. &#8220;Obsess\u00e3o pela pr\u00f3pria apar\u00eancia&#8221;. Esta \u00e9 a defini\u00e7\u00e3o para narcisismo dada [&hellip;]<\/p>\n","protected":false},"author":12,"featured_media":0,"comment_status":"open","ping_status":"open","sticky":false,"template":"","format":"standard","meta":{"ngg_post_thumbnail":0,"footnotes":""},"categories":[114,5814],"tags":[20914,33141,26680,8393],"class_list":["post-1658","post","type-post","status-publish","format-standard","hentry","category-artigos","category-opiniao","tag-idolatria","tag-segundo-mandamento","tag-selfies","tag-tecnologia"],"_links":{"self":[{"href":"https:\/\/ultimato.com.br\/sites\/fatosecorrelatos\/wp-json\/wp\/v2\/posts\/1658","targetHints":{"allow":["GET"]}}],"collection":[{"href":"https:\/\/ultimato.com.br\/sites\/fatosecorrelatos\/wp-json\/wp\/v2\/posts"}],"about":[{"href":"https:\/\/ultimato.com.br\/sites\/fatosecorrelatos\/wp-json\/wp\/v2\/types\/post"}],"author":[{"embeddable":true,"href":"https:\/\/ultimato.com.br\/sites\/fatosecorrelatos\/wp-json\/wp\/v2\/users\/12"}],"replies":[{"embeddable":true,"href":"https:\/\/ultimato.com.br\/sites\/fatosecorrelatos\/wp-json\/wp\/v2\/comments?post=1658"}],"version-history":[{"count":6,"href":"https:\/\/ultimato.com.br\/sites\/fatosecorrelatos\/wp-json\/wp\/v2\/posts\/1658\/revisions"}],"predecessor-version":[{"id":1666,"href":"https:\/\/ultimato.com.br\/sites\/fatosecorrelatos\/wp-json\/wp\/v2\/posts\/1658\/revisions\/1666"}],"wp:attachment":[{"href":"https:\/\/ultimato.com.br\/sites\/fatosecorrelatos\/wp-json\/wp\/v2\/media?parent=1658"}],"wp:term":[{"taxonomy":"category","embeddable":true,"href":"https:\/\/ultimato.com.br\/sites\/fatosecorrelatos\/wp-json\/wp\/v2\/categories?post=1658"},{"taxonomy":"post_tag","embeddable":true,"href":"https:\/\/ultimato.com.br\/sites\/fatosecorrelatos\/wp-json\/wp\/v2\/tags?post=1658"}],"curies":[{"name":"wp","href":"https:\/\/api.w.org\/{rel}","templated":true}]}}