{"id":160,"date":"2010-08-31T23:17:00","date_gmt":"2010-09-01T02:17:00","guid":{"rendered":"http:\/\/ultimato.com.br\/sites\/fatosecorrelatos\/2010\/08\/31\/aqui-acola-e-alem-dos-olhos\/"},"modified":"2010-09-24T17:05:49","modified_gmt":"2010-09-24T20:05:49","slug":"aqui-acola-e-alem-dos-olhos","status":"publish","type":"post","link":"https:\/\/ultimato.com.br\/sites\/fatosecorrelatos\/2010\/08\/31\/aqui-acola-e-alem-dos-olhos\/","title":{"rendered":"Aqui, acol\u00e1 e al\u00e9m dos olhos"},"content":{"rendered":"<div class=\"separator\" style=\"clear: both; text-align: center;\"><a href=\"http:\/\/2.bp.blogspot.com\/_oPpAxASUdJ8\/TH21CH8CH9I\/AAAAAAAAAbs\/Co0mfPDUZjE\/s1600\/DSC_3796.JPG\" class=\"lightview\" data-lightview-group=\"group-160\" data-lightview-options=\"skin: 'dark', controls: 'relative', padding: '10', shadow: { color: '#000000', opacity: 0.08, blur: 3 }\"><img loading=\"lazy\" decoding=\"async\" src=\"http:\/\/2.bp.blogspot.com\/_oPpAxASUdJ8\/TH21CH8CH9I\/AAAAAAAAAbs\/Co0mfPDUZjE\/s320\/DSC_3796.JPG\" border=\"0\" alt=\"\" width=\"212\" height=\"320\" \/><\/a><\/div>\n<p><span style=\"font-family: 'Trebuchet MS', sans-serif;\"><span style=\"font-size: small;\">Vida crist\u00e3 n\u00e3o \u00e9 construir, da melhor forma poss\u00edvel, o meu castelo de espiritualidade. \u00c9 trilhar um longo caminho, \u201caqui, acol\u00e1 e al\u00e9m dos olhos\u201d, seguindo o modelo de Cristo e orientado pelo Esp\u00edrito.<\/span><\/span><br \/>\n<strong><span style=\"font-family: 'Trebuchet MS', sans-serif;\"><span style=\"font-size: small;\"><br \/>\n<\/span><\/span><\/strong><br \/>\n<span style=\"font-family: 'Trebuchet MS', sans-serif;\"><span style=\"font-size: small;\"> <\/span><\/span><strong><span style=\"font-family: 'Trebuchet MS', sans-serif;\"><span style=\"font-size: small;\">Quem disse que o caminho \u00e9 longo?<\/span><\/span><\/strong><br \/>\n<span style=\"font-family: 'Trebuchet MS', sans-serif;\"><span style=\"font-size: small;\">Jesus chama os disc\u00edpulos, sem estabelecer prazos imediatos. \u201cSigam-me\u201d; \u201cEu vos farei pescadores de homens\u201d (Mt 4.18-22). Vida curta \u00e9 para quem n\u00e3o vive a vida com Cristo (Mt 7.24-27 e 10.39). Em seu di\u00e1logo com Nicodemos, Jesus chamou o in\u00edcio de \u201cnovo nascimento\u201d, o que pressup\u00f5e que a convers\u00e3o \u00e9 s\u00f3 o come\u00e7o.<\/span><\/span><br \/>\n<span style=\"font-family: 'Trebuchet MS', sans-serif;\"><span style=\"font-size: small;\">J\u00e1 os autores do Novo Testamento <\/span><\/span><span style=\"font-family: 'Trebuchet MS', sans-serif;\"><span style=\"font-size: small;\">viam a vida crist\u00e3, n\u00e3o como uma tarefa ocasional ou uma lista de tarefas, mas como um <em>novo <\/em><\/span><\/span><em><span style=\"font-family: 'Trebuchet MS', sans-serif;\"><span style=\"font-size: small;\">jeito de viver<\/span><\/span><\/em><span style=\"font-family: 'Trebuchet MS', sans-serif;\"><span style=\"font-size: small;\">:<\/span><\/span><\/p>\n<div class=\"MsoNormal\"><span style=\"font-family: 'Trebuchet MS', sans-serif;\"><span style=\"font-size: small;\"> &#8211; Paulo diz que \u201caquele que come\u00e7ou a boa obra em voc\u00eas, vai complet\u00e1-la at\u00e9 o dia de Cristo Jesus\u201d (Fp 1.6). Diz tamb\u00e9m que a vida crist\u00e3 \u00e9 uma corrida em dire\u00e7\u00e3o a um alvo: conhecer a Cristo (Fp 3.12-16). O tema central da sua carta aos G\u00e1latas \u00e9 que somos transformados pelo Esp\u00edrito, n\u00e3o pela lei, vivemos por Ele, n\u00e3o pelas regras.<br \/>\n&#8211; Pedro projeta essa caminhada como \u201cpassos virtuosos\u201d (2 Pe 1.5-9). Isto \u00e9, uma virtude alcan\u00e7a outra. O Esp\u00edrito nos molda a cada passo.<\/span><\/span> <span style=\"font-family: 'Trebuchet MS', sans-serif;\"><span style=\"font-size: small;\"> <\/span><\/span><\/div>\n<p><span style=\"font-family: 'Trebuchet MS', sans-serif;\"><span style=\"font-size: small;\"> &#8211; Jo\u00e3o \u00e9 mais simples e direto: \u201cquem tem o Filho tem a vida, quem n\u00e3o tem o Filho de Deus n\u00e3o tem a vida\u201d (1 Jo 5.11)<\/span><\/span><\/p>\n<div><span style=\"font-family: Calibri; font-size: 16px;\"><strong><span style=\"font-family: 'Trebuchet MS', sans-serif;\"><span style=\"font-size: small;\"><br \/>\n<\/span><\/span><\/strong><\/span><\/div>\n<div><span style=\"font-family: 'Trebuchet MS', sans-serif;\"><span style=\"font-size: small;\"> <\/span><\/span><span style=\"font-family: Calibri; font-size: 16px;\"><strong><span style=\"font-family: 'Trebuchet MS', sans-serif;\"><span style=\"font-size: small;\">Se o caminho \u00e9 longo, ent\u00e3o temos que nos preparar para trilh\u00e1-lo. <\/span><\/span><\/strong><\/span><span style=\"font-family: Calibri; font-size: 16px;\"><span style=\"font-family: 'Trebuchet MS', sans-serif;\"><span style=\"font-size: small;\">Aqui talvez resida nossa fraqueza mais aguda. Estamos sendo engolidos pelo <\/span><\/span><em><span style=\"font-family: 'Trebuchet MS', sans-serif;\"><span style=\"font-size: small;\">imediatismo<\/span><\/span><\/em><span style=\"font-family: 'Trebuchet MS', sans-serif;\"><span style=\"font-size: small;\">. Aprendemos a correr cem metros, mas n\u00e3o uma maratona. Aprendemos a ser assim.\u00a0Nossos professores tamb\u00e9m est\u00e3o confusos. J\u00e1 n\u00e3o enfrentamos a vida com olhos fixos no horizonte, mas t\u00e3o somente nos sapatos que cal\u00e7amos.<\/span><\/span><\/span><\/p>\n<div>\n<div><span><\/p>\n<div class=\"MsoNormal\"><strong><span style=\"font-family: 'Trebuchet MS', sans-serif;\"><span style=\"font-size: small;\"><br \/>\n<\/span><\/span><\/strong><\/div>\n<div class=\"MsoNormal\"><span style=\"font-family: 'Trebuchet MS', sans-serif;\"><span style=\"font-size: small;\"> <\/span><\/span><strong><span style=\"font-family: 'Trebuchet MS', sans-serif;\"><span style=\"font-size: small;\">O que perdemos com isso?<\/span><\/span><\/strong><\/div>\n<div class=\"MsoNormal\"><span style=\"font-family: 'Trebuchet MS', sans-serif;\"><span style=\"font-size: small;\">&#8211; Desistimos facilmente, e aos poucos vamos deixando de acreditar no caminho.<\/span><\/span><\/div>\n<div class=\"MsoNormal\"><span style=\"font-family: 'Trebuchet MS', sans-serif;\"><span style=\"font-size: small;\">&#8211; O Cristianismo se torna uma religi\u00e3o que n\u00e3o se encaixa em nosso modo de vida. Com isso, ou o abandonamos (chamando-o de ultrapassado ou lento demais) ou procuramos uma outra vers\u00e3o de Cristianismo, mais <\/span><\/span><em><span style=\"font-family: 'Trebuchet MS', sans-serif;\"><span style=\"font-size: small;\">soft<\/span><\/span><\/em><span style=\"font-family: 'Trebuchet MS', sans-serif;\"><span style=\"font-size: small;\">, mais imediata, sem grandes pretens\u00f5es, sem interferir significativamente em minha pr\u00f3pria caminhada.<\/span><\/span><\/div>\n<div class=\"MsoNormal\"><span style=\"font-family: 'Trebuchet MS', sans-serif;\"><span style=\"font-size: small;\">&#8211; N\u00e3o experimentamos a gra\u00e7a de Deus na pr\u00e1tica, n\u00e3o temos paci\u00eancia para viver em comunidade, porque n\u00e3o aprofundamos a comunh\u00e3o com a Trindade, n\u00e3o nos envolvemos integralmente com Deus; n\u00e3o aceitamos o desafio da plena unidade com Cristo (Jo\u00e3o 17.23).<\/span><\/span><\/div>\n<div class=\"MsoNormal\"><span style=\"font-family: 'Trebuchet MS', sans-serif;\"><span style=\"font-size: small;\">&#8211; N\u00e3o participamos da miss\u00e3o de redimir o mundo. Somos meros espectadores que at\u00e9 \u00a0lamentam a injusti\u00e7a, mas n\u00e3o se veem compelidos a testemunhar a justi\u00e7a de Deus. O Serm\u00e3o do Monte n\u00e3o \u00e9 para n\u00f3s (Mt 5.11).<\/span><\/span><\/div>\n<div class=\"MsoNormal\"><strong><span style=\"font-family: 'Trebuchet MS', sans-serif;\"><span style=\"font-size: small;\"><br \/>\n<\/span><\/span><\/strong><\/div>\n<div class=\"MsoNormal\"><span style=\"font-family: 'Trebuchet MS', sans-serif;\"><span style=\"font-size: small;\"> <\/span><\/span><strong><span style=\"font-family: 'Trebuchet MS', sans-serif;\"><span style=\"font-size: small;\">Para seguir o caminho \u00e9 preciso&#8230;<\/span><\/span><\/strong><\/div>\n<div class=\"MsoNormal\"><\/div>\n<div class=\"MsoNormal\"><span style=\"font-family: 'Trebuchet MS', sans-serif;\"><span style=\"font-size: small;\">Levar a s\u00e9rio a proposta de <\/span><\/span><span style=\"text-decoration: underline;\"><span style=\"font-family: 'Trebuchet MS', sans-serif;\"><span style=\"font-size: small;\">forma\u00e7\u00e3o\/transforma\u00e7\u00e3o espiritual<\/span><\/span><\/span><span style=\"font-family: 'Trebuchet MS', sans-serif;\"><span style=\"font-size: small;\"> em Cristo: transforma\u00e7\u00e3o de car\u00e1ter (l\u00facida e persistente), \u201c&#8230; at\u00e9 que Cristo seja formado em voc\u00eas\u201d (Gl 4.19).<\/span><\/span><\/div>\n<div class=\"MsoNormal\"><span style=\"font-family: 'Trebuchet MS', sans-serif;\"><span style=\"font-size: small;\">Vale a pena memorizar a reflex\u00e3o de Dallas Willard, em seu livro <em>A Grande (C)Omiss\u00e3o<\/em>, p\u00e1gina 77,78 (Editora Mundo Crist\u00e3o):<\/span><\/span><\/div>\n<blockquote><p><span style=\"font-family: 'Trebuchet MS', sans-serif;\"><span style=\"font-size: small;\">\u201cA forma\u00e7\u00e3o espiritual em Cristo n\u00e3o \u00e9 apenas um processo inconsciente em que os resultados podem ser observados enquanto Aquele que opera permanece oculto. Experimentamos, de fato, suas opera\u00e7\u00f5es. Podemos busc\u00e1-las, esper\u00e1-las e ser gratos por elas. Estamos conscientemente envolvidos com ele nos detalhes de nossa exist\u00eancia e de nossa transforma\u00e7\u00e3o espiritual\u201d. (&#8230;)<\/span><\/span><\/p><\/blockquote>\n<blockquote><p><span style=\"font-family: 'Trebuchet MS', sans-serif;\"><span style=\"font-size: small;\">Devemos parar de usar o fato de n\u00e3o podermos merecer gra\u00e7a (quer para justifica\u00e7\u00e3o, quer para santifica\u00e7\u00e3o) como desculpa para n\u00e3o nos envolvermos energicamente na busca por receber gra\u00e7a. Uma vez que fomos encontrados por Deus, passamos a buscar uma vida cada vez mais plena nele. Gra\u00e7a \u00e9 o oposto de m\u00e9rito, e n\u00e3o de esfor\u00e7o. A verdade da forma\u00e7\u00e3o espiritual \u00e9 que n\u00e3o seremos transformados \u201c\u00e0 semelhan\u00e7a dele\u201d apenas por mais informa\u00e7\u00f5es, por infus\u00f5es, inspira\u00e7\u00f5es ou ministra\u00e7\u00f5es. Apesar de todos esses elementos ocuparem um lugar importante, nunca ser\u00e3o suficientes, e a confian\u00e7a depositada exclusivamente neles explica porque, hoje em dia, tantos crist\u00e3os n\u00e3o conseguem ir muito al\u00e9m de certo n\u00edvel de dec\u00eancia\u201d.<\/span><\/span><\/p><\/blockquote>\n<div class=\"MsoNormal\"><span style=\"font-family: 'Trebuchet MS', sans-serif;\"><\/span><span style=\"font-family: 'Trebuchet MS', sans-serif;\"><span style=\"font-size: small;\">&#8220;Buscar primeiro o reino de Deus e sua justi\u00e7a&#8221; (Mt 6.33) \u00e9 um convite de Jesus para uma caminhada em dire\u00e7\u00e3o ao &#8220;sol da justi\u00e7a&#8221;, que nos desafia ao envolvimento santo com o mundo \u00e0 exemplo de Jesus, nos coloca em submiss\u00e3o a Rei e nos enche da ousadia vinda do Esp\u00edrito. <\/span><\/span><span style=\"font-family: 'Trebuchet MS', sans-serif; font-size: small;\">Que assim seja!<\/span><\/div>\n<p><\/span><\/div>\n<\/div>\n<\/div>\n","protected":false},"excerpt":{"rendered":"<p>Vida crist\u00e3 n\u00e3o \u00e9 construir, da melhor forma poss\u00edvel, o meu castelo de espiritualidade. \u00c9 trilhar um longo caminho, \u201caqui, acol\u00e1 e al\u00e9m dos olhos\u201d, seguindo o modelo de Cristo e orientado pelo Esp\u00edrito. Quem disse que o caminho \u00e9 longo? Jesus chama os disc\u00edpulos, sem estabelecer prazos imediatos. \u201cSigam-me\u201d; \u201cEu vos farei pescadores de [&hellip;]<\/p>\n","protected":false},"author":12,"featured_media":0,"comment_status":"open","ping_status":"open","sticky":false,"template":"","format":"standard","meta":{"ngg_post_thumbnail":0,"footnotes":""},"categories":[114],"tags":[4783],"class_list":["post-160","post","type-post","status-publish","format-standard","hentry","category-artigos","tag-espiritualidade"],"_links":{"self":[{"href":"https:\/\/ultimato.com.br\/sites\/fatosecorrelatos\/wp-json\/wp\/v2\/posts\/160","targetHints":{"allow":["GET"]}}],"collection":[{"href":"https:\/\/ultimato.com.br\/sites\/fatosecorrelatos\/wp-json\/wp\/v2\/posts"}],"about":[{"href":"https:\/\/ultimato.com.br\/sites\/fatosecorrelatos\/wp-json\/wp\/v2\/types\/post"}],"author":[{"embeddable":true,"href":"https:\/\/ultimato.com.br\/sites\/fatosecorrelatos\/wp-json\/wp\/v2\/users\/12"}],"replies":[{"embeddable":true,"href":"https:\/\/ultimato.com.br\/sites\/fatosecorrelatos\/wp-json\/wp\/v2\/comments?post=160"}],"version-history":[{"count":1,"href":"https:\/\/ultimato.com.br\/sites\/fatosecorrelatos\/wp-json\/wp\/v2\/posts\/160\/revisions"}],"predecessor-version":[{"id":209,"href":"https:\/\/ultimato.com.br\/sites\/fatosecorrelatos\/wp-json\/wp\/v2\/posts\/160\/revisions\/209"}],"wp:attachment":[{"href":"https:\/\/ultimato.com.br\/sites\/fatosecorrelatos\/wp-json\/wp\/v2\/media?parent=160"}],"wp:term":[{"taxonomy":"category","embeddable":true,"href":"https:\/\/ultimato.com.br\/sites\/fatosecorrelatos\/wp-json\/wp\/v2\/categories?post=160"},{"taxonomy":"post_tag","embeddable":true,"href":"https:\/\/ultimato.com.br\/sites\/fatosecorrelatos\/wp-json\/wp\/v2\/tags?post=160"}],"curies":[{"name":"wp","href":"https:\/\/api.w.org\/{rel}","templated":true}]}}