{"id":156,"date":"2010-07-11T07:59:00","date_gmt":"2010-07-11T10:59:00","guid":{"rendered":"http:\/\/ultimato.com.br\/sites\/fatosecorrelatos\/2010\/07\/11\/e-nossas-criancas\/"},"modified":"2010-09-26T18:01:51","modified_gmt":"2010-09-26T21:01:51","slug":"e-nossas-criancas","status":"publish","type":"post","link":"https:\/\/ultimato.com.br\/sites\/fatosecorrelatos\/2010\/07\/11\/e-nossas-criancas\/","title":{"rendered":"E nossas crian\u00e7as?"},"content":{"rendered":"<p>E as nossas crian\u00e7as? Elas que j\u00e1 s\u00e3o vulner\u00e1reis naturalmente, na Am\u00e9rica Latina s\u00e3o ainda mais, devido a pobreza extrema e aos mecanismos de exclus\u00e3o e injusti\u00e7a social. Veja a seguir alguns dados relevados recentemente pela pesquisa <i>A Pobreza Infantil: Um Desafio Priorit\u00e1rio<\/i>. A pesquisa ainda est\u00e1 sendo finalizada pela CEPAL e o UNICEF.<\/p>\n<p>\u2013 <b>80 milh\u00f5es <\/b>de crian\u00e7as latino-americanas vivem na pobreza e<b> 32 milh\u00f5es<\/b>  na pobreza extrema; <br \/>\u2013 No Brasil, quase<b> 23 milh\u00f5es <\/b>de crian\u00e7as vivem na pobreza<b> (38,8%!) <\/b>e<b>  8,5 milh\u00f5es <\/b>na pobreza extrema <b>(14,6%)<\/b>.<\/p>\n<p>O que n\u00e3o percebemos \u00e9 que abandonar as crian\u00e7as \u00e9 tamb\u00e9m abandonar as virtudes ainda presentes nelas. Jesus j\u00e1 dizia que quem n\u00e3o se tornar como uma crian\u00e7a n\u00e3o entrar\u00e1 no Reino dos C\u00e9us. Ou seja, quem n\u00e3o olhar para elas e compreender o que elas t\u00eam de melhor n\u00e3o ir\u00e1 compreender o significado do reino de Deus.<\/p>\n<p>Concordam?<\/p>\n","protected":false},"excerpt":{"rendered":"<p>E as nossas crian\u00e7as? Elas que j\u00e1 s\u00e3o vulner\u00e1reis naturalmente, na Am\u00e9rica Latina s\u00e3o ainda mais, devido a pobreza extrema e aos mecanismos de exclus\u00e3o e injusti\u00e7a social. Veja a seguir alguns dados relevados recentemente pela pesquisa A Pobreza Infantil: Um Desafio Priorit\u00e1rio. A pesquisa ainda est\u00e1 sendo finalizada pela CEPAL e o UNICEF. \u2013 [&hellip;]<\/p>\n","protected":false},"author":12,"featured_media":0,"comment_status":"open","ping_status":"open","sticky":false,"template":"","format":"standard","meta":{"ngg_post_thumbnail":0,"footnotes":""},"categories":[7652],"tags":[24539],"class_list":["post-156","post","type-post","status-publish","format-standard","hentry","category-curtas","tag-etc"],"_links":{"self":[{"href":"https:\/\/ultimato.com.br\/sites\/fatosecorrelatos\/wp-json\/wp\/v2\/posts\/156","targetHints":{"allow":["GET"]}}],"collection":[{"href":"https:\/\/ultimato.com.br\/sites\/fatosecorrelatos\/wp-json\/wp\/v2\/posts"}],"about":[{"href":"https:\/\/ultimato.com.br\/sites\/fatosecorrelatos\/wp-json\/wp\/v2\/types\/post"}],"author":[{"embeddable":true,"href":"https:\/\/ultimato.com.br\/sites\/fatosecorrelatos\/wp-json\/wp\/v2\/users\/12"}],"replies":[{"embeddable":true,"href":"https:\/\/ultimato.com.br\/sites\/fatosecorrelatos\/wp-json\/wp\/v2\/comments?post=156"}],"version-history":[{"count":1,"href":"https:\/\/ultimato.com.br\/sites\/fatosecorrelatos\/wp-json\/wp\/v2\/posts\/156\/revisions"}],"predecessor-version":[{"id":331,"href":"https:\/\/ultimato.com.br\/sites\/fatosecorrelatos\/wp-json\/wp\/v2\/posts\/156\/revisions\/331"}],"wp:attachment":[{"href":"https:\/\/ultimato.com.br\/sites\/fatosecorrelatos\/wp-json\/wp\/v2\/media?parent=156"}],"wp:term":[{"taxonomy":"category","embeddable":true,"href":"https:\/\/ultimato.com.br\/sites\/fatosecorrelatos\/wp-json\/wp\/v2\/categories?post=156"},{"taxonomy":"post_tag","embeddable":true,"href":"https:\/\/ultimato.com.br\/sites\/fatosecorrelatos\/wp-json\/wp\/v2\/tags?post=156"}],"curies":[{"name":"wp","href":"https:\/\/api.w.org\/{rel}","templated":true}]}}