{"id":155,"date":"2010-06-26T09:29:00","date_gmt":"2010-06-26T12:29:00","guid":{"rendered":"http:\/\/ultimato.com.br\/sites\/fatosecorrelatos\/2010\/06\/26\/o-haiti-e-aqui\/"},"modified":"2010-09-24T18:52:26","modified_gmt":"2010-09-24T21:52:26","slug":"o-haiti-e-aqui","status":"publish","type":"post","link":"https:\/\/ultimato.com.br\/sites\/fatosecorrelatos\/2010\/06\/26\/o-haiti-e-aqui\/","title":{"rendered":"O Haiti \u00e9 aqui"},"content":{"rendered":"<div style=\"text-align: right;\">\n<div style=\"text-align: right;\"><span class=\"z19Dle zG9tqc\"><span class=\"zo\"> <\/span><span class=\"HgYomf\"><span class=\"QGJaM Ig Uqtsze\"><a href=\"http:\/\/3.bp.blogspot.com\/_L7lsKb9Q27c\/TCQtlHkAI_I\/AAAAAAAAAEM\/DqS3fYSCgpA\/s1600\/alagoas+1.jpg\"><img decoding=\"async\" style=\"float: right; height: 166px; margin: 0pt 0pt 10px 10px; width: 320px;\" src=\"https:\/\/0-focus-opensocial.googleusercontent.com\/gadgets\/proxy?container=focus&amp;gadget=a&amp;rewriteMime=image\/*&amp;refresh=31536000&amp;url=http:\/\/3.bp.blogspot.com\/_L7lsKb9Q27c\/TCQtlHkAI_I\/AAAAAAAAAEM\/DqS3fYSCgpA\/s320\/alagoas%2B1.jpg\" border=\"0\" alt=\"\" \/><\/a><span><span style=\"color: black; font-style: italic;\"> <\/span><span style=\"color: black;\"><span style=\"font-style: italic;\">Wellington  Santos<\/span>*<\/span><\/span><\/span><\/span><\/span><\/div>\n<p><span class=\"z19Dle zG9tqc\"><span class=\"HgYomf\"><span class=\"QGJaM Ig Uqtsze\"> <\/span><\/span><\/span><\/p>\n<\/div>\n<p><span class=\"z19Dle zG9tqc\"><span class=\"HgYomf\"><span class=\"QGJaM Ig Uqtsze\"><span><span style=\"color: black;\"><br \/>\n<\/span><\/span> <\/span><\/span><\/span><\/p>\n<div><span style=\"font-size: small;\"><span style=\"color: black;\"> <\/span><\/span><\/div>\n<div><span style=\"font-size: small;\"><span style=\"color: black;\">Desde a \u00faltima sexta-feira, dia  18  de junho, temos sofrido com o cen\u00e1rio de guerra e o rastro de   destrui\u00e7\u00e3o, causados pelas \u00faltimas chuvas que ca\u00edram em Pernambuco e <span>Alagoas<\/span>.  Os n\u00fameros ainda n\u00e3o s\u00e3o seguros, o fato,  por\u00e9m, \u00e9 que muitas vidas se  foram, cidades como Santana do Munda\u00fa e Branquinha  foram totalmente  arrasadas e destru\u00eddas pelas correntezas.<\/span><span style=\"color: black;\"><\/p>\n<p>Estive visitando  Louren\u00e7o de Albuquerque  em Rio Largo, Utinga e Murici. Quanta dor,  destrui\u00e7\u00e3o, tristeza e  imensa necessidade. \u00c9 importante destacar  entretanto, que o cen\u00e1rio de  mis\u00e9ria e pobreza que nos deparamos n\u00e3o \u00e9  fruto desta trag\u00e9dia natural  da \u00faltima sexta-feira,mas resultado de anos  de corrup\u00e7\u00e3o, desvio de  verbas p\u00fablicas, coronelismo, pregui\u00e7a e  irresponsabilidade eleitoral  por parte do povo que escolhe muito mal  seus representantes. \u00c9 bom  ficar de olhos bem abertos para n\u00e3o culparmos  as chuvas e a natureza,  livrando assim os maus gestores p\u00fablicos e  porque n\u00e3o dizer, livrando  nossa parcela de culpa, quando fazemos  negociatas e ou trocamos novo  precioso voto por \u201cfavores\u201d vergonhosos.<\/p>\n<p>O  Pr. Reginaldo Silva,  da ONG alem\u00e3 Kindernothilfe, que atua no nordeste  na prote\u00e7\u00e3o e cuidado  social com crian\u00e7as afirma: \u201cVenho aqui me  solidarizar com os  alagoanos e alagoanas que foram v\u00edtimas diretas da  trag\u00e9dia causada,  n\u00e3o pelas chuvas, mas pela falta de pol\u00edticas sociais  que n\u00e3o resolve  os problemas das ocupa\u00e7\u00f5es desordenadas, da falta de  moradia, de  educa\u00e7\u00e3o ambiental etc. Se observarmos bem, veremos que \u00e9 a  falta  destas e de outras coisas que causam trag\u00e9dias como a mais  recente\u201d. <span style=\"color: black;\">Precisamos agora arrega\u00e7ar  nossas  mangas, por a m\u00e3o na massa, repartir o p\u00e3o e partir para livrar  nossos  irm\u00e3os e irm\u00e3s mais fr\u00e1geis e desprotegidos desta situa\u00e7\u00e3o de  caos.  Contamos com a colabora\u00e7\u00e3o de todas e todas que porventura lerem  esta breve reflex\u00e3o. Precisamos  arrecadar colch\u00f5es, len\u00e7\u00f3is, toalhas,  agasalhos, \u00e1gua pot\u00e1vel, cestas  b\u00e1sicas, m\u00f3veis usados, etc.<\/span><span style=\"color: black;\"> <\/span><\/p>\n<p>Continuemos orando,   repartindo o p\u00e3o e atentos aos maus pol\u00edticos que ainda por cima, como   abutres, ir\u00e3o tentar tirar proveito desta situa\u00e7\u00e3o. Concluo citando o   cantor e compositor Gilberto Gil, concordando plenamente com ele, quando   afirma: O Haiti \u00e9 aqui. Posso afirmar com toda convic\u00e7\u00e3o, que o Haiti \u00e9   em <span>Alagoas<\/span>: 42% de analfabetos, 92% da  popula\u00e7\u00e3o  ganhando at\u00e9 2 sal\u00e1rios m\u00ednimos, concentra\u00e7\u00e3o de renda e de  terra,  monocultura da cana de a\u00e7\u00facar que enriquece uma minoria e  empobrece a  grande maioria, <span> <\/span>viol\u00eancia galopante, \u00edndices  s\u00f3cias  cr\u00edticos e agora some-se a tudo isto, 50 mil desabrigados e  cidades  inteiras destru\u00eddas<span style=\"color: black; font-style: italic;\">.<\/span><span style=\"color: black; font-style: italic;\"> <\/span><\/p>\n<p>*<span style=\"color: black;\"><span style=\"font-style: italic;\">Wellington Santos \u00e9  pastor da Igreja Batista do Pinheiro, em Macei\u00f3-Alagoas.<\/span><\/span><span style=\"color: black;\"><\/span><\/p>\n<p><strong>+ <\/strong><span><strong>Ore e deixe sua mensagem:<\/strong> para enviar  uma mensagem de solidariedade ao pastor <\/span><span>Wellington Santos,  deixe seu coment\u00e1rio <a href=\"https:\/\/www.blogger.com\/comment.g?blogID=8740217760274481698&amp;postID=89376271965584054&amp;isPopup=true\">aqui<\/a> e a Rede FALE encaminhar\u00e1 sua resposta.<\/span><\/p>\n<p><\/span><\/span><\/div>\n<div><img loading=\"lazy\" decoding=\"async\" src=\"https:\/\/0-focus-opensocial.googleusercontent.com\/gadgets\/proxy?container=focus&amp;gadget=a&amp;rewriteMime=image\/*&amp;refresh=31536000&amp;url=https:\/\/blogger.googleusercontent.com\/tracker\/8740217760274481698-89376271965584054?l%3Dredefale.blogspot.com\" alt=\"\" width=\"1\" height=\"1\" \/><\/div>\n","protected":false},"excerpt":{"rendered":"<p>Wellington Santos* Desde a \u00faltima sexta-feira, dia 18 de junho, temos sofrido com o cen\u00e1rio de guerra e o rastro de destrui\u00e7\u00e3o, causados pelas \u00faltimas chuvas que ca\u00edram em Pernambuco e Alagoas. Os n\u00fameros ainda n\u00e3o s\u00e3o seguros, o fato, por\u00e9m, \u00e9 que muitas vidas se foram, cidades como Santana do Munda\u00fa e Branquinha foram [&hellip;]<\/p>\n","protected":false},"author":12,"featured_media":0,"comment_status":"open","ping_status":"open","sticky":false,"template":"","format":"standard","meta":{"ngg_post_thumbnail":0,"footnotes":""},"categories":[7656],"tags":[7605],"class_list":["post-155","post","type-post","status-publish","format-standard","hentry","category-outras-vozes","tag-fatos"],"_links":{"self":[{"href":"https:\/\/ultimato.com.br\/sites\/fatosecorrelatos\/wp-json\/wp\/v2\/posts\/155","targetHints":{"allow":["GET"]}}],"collection":[{"href":"https:\/\/ultimato.com.br\/sites\/fatosecorrelatos\/wp-json\/wp\/v2\/posts"}],"about":[{"href":"https:\/\/ultimato.com.br\/sites\/fatosecorrelatos\/wp-json\/wp\/v2\/types\/post"}],"author":[{"embeddable":true,"href":"https:\/\/ultimato.com.br\/sites\/fatosecorrelatos\/wp-json\/wp\/v2\/users\/12"}],"replies":[{"embeddable":true,"href":"https:\/\/ultimato.com.br\/sites\/fatosecorrelatos\/wp-json\/wp\/v2\/comments?post=155"}],"version-history":[{"count":1,"href":"https:\/\/ultimato.com.br\/sites\/fatosecorrelatos\/wp-json\/wp\/v2\/posts\/155\/revisions"}],"predecessor-version":[{"id":250,"href":"https:\/\/ultimato.com.br\/sites\/fatosecorrelatos\/wp-json\/wp\/v2\/posts\/155\/revisions\/250"}],"wp:attachment":[{"href":"https:\/\/ultimato.com.br\/sites\/fatosecorrelatos\/wp-json\/wp\/v2\/media?parent=155"}],"wp:term":[{"taxonomy":"category","embeddable":true,"href":"https:\/\/ultimato.com.br\/sites\/fatosecorrelatos\/wp-json\/wp\/v2\/categories?post=155"},{"taxonomy":"post_tag","embeddable":true,"href":"https:\/\/ultimato.com.br\/sites\/fatosecorrelatos\/wp-json\/wp\/v2\/tags?post=155"}],"curies":[{"name":"wp","href":"https:\/\/api.w.org\/{rel}","templated":true}]}}