{"id":1537,"date":"2016-11-04T14:12:23","date_gmt":"2016-11-04T17:12:23","guid":{"rendered":"http:\/\/ultimato.com.br\/sites\/fatosecorrelatos\/?p=1537"},"modified":"2016-11-04T14:21:55","modified_gmt":"2016-11-04T17:21:55","slug":"casa-torta","status":"publish","type":"post","link":"https:\/\/ultimato.com.br\/sites\/fatosecorrelatos\/2016\/11\/04\/casa-torta\/","title":{"rendered":"Casa torta"},"content":{"rendered":"<p>Assenta o tijolo, cobre com cimento, levanta a parede. Faz assim muitas vezes, sol a sol, dia a dia. J\u00e1 nem percebe mais as gotas de suor molhando sua camisa. Brinca com o companheiro: &#8220;\u00f4, Z\u00e9, faz esta parede direito, hein? N\u00e3o quero casa torta&#8221;.<\/p>\n<p>Casa torta. Esta bem que poderia ser uma defini\u00e7\u00e3o metaf\u00f3rica da sua pr\u00f3pria vida. Ele que hoje tenta manter-se s\u00e3o, j\u00e1 perdeu um rumo muitas vezes, e as paredes de sua casa j\u00e1 ca\u00edram em diversos momentos. N\u00e3o bastasse a separa\u00e7\u00e3o da mulher, seus filhos vivem distantes dele (por quil\u00f4metros de dist\u00e2ncia e de afeto).<\/p>\n<p>O pedreiro que sabe construir paredes e casas tem dificuldade de construir sua pr\u00f3pria vida em um alicerce firme. Seu cora\u00e7\u00e3o \u00e9 fr\u00e1gil, envolto pelos desejos de aceita\u00e7\u00e3o incondicional, e travestido pela imagem de &#8220;Don Juan&#8221;. Conquistou muitas mulheres, mas depois de um tempo percebeu que tudo era meio que p\u00f3. Tudo ficava pela metade, e sobrou em sua m\u00e3o apenas lembran\u00e7as.<\/p>\n<p>Alguns at\u00e9 acham que lembran\u00e7as s\u00e3o suficientes, mas ele j\u00e1 concluiu que isso n\u00e3o resolve, que n\u00e3o preenche o vazio. J\u00e1 se cansou de ter boas hist\u00f3rias para contar. O que quer mesmo \u00e9 viver. Viver com dignidade, com integridade, com respeito. Chega de querer tudo ao mesmo tempo. Chega de fingir ser quem n\u00e3o \u00e9 s\u00f3 para sentir-se querido por quem nem conhece.<\/p>\n<p>Veja! Nosso amigo agora est\u00e1 dando at\u00e9 para ter pensamentos profundos como estes!\u00a0Mas a verdade \u00e9 que o suor n\u00e3o para de cair e ele ainda ter\u00e1 um dia longo de trabalho pesado pela frente.<\/p>\n<p>Enquanto isso, deixa-se levar pelos pensamentos. &#8220;E se a vida pudesse ser melhor do que \u00e9? E se eu puder ser melhor do que sou? No que exatamente posso melhorar?&#8221; Ele assim pensava como um fil\u00f3sofo enquanto amassava o cimento com \u00e1gua.<\/p>\n<p>Por um instante, o pedreiro experiente se viu diante de um mundo novo: o mundo do pensamento. L\u00e1 as esquinas s\u00e3o diferentes e a dureza da vida se torna menos amea\u00e7adora. L\u00e1, de alguma forma, ele n\u00e3o \u00e9 um z\u00e9-ningu\u00e9m. \u00c9 ele quem lidera as a\u00e7\u00f5es. No mundo dos (seus) pensamentos as coisas se encaixam e sempre h\u00e1 di\u00e1logo dele com ele mesmo.<\/p>\n<p>As horas se passam e o sol j\u00e1 come\u00e7a a se despedir. A casa j\u00e1 tem paredes e o nosso amigo move seus olhos para sua roupa. Suja, molhada de suor, rasgada. Olha para o amigo ao lado, e a cena \u00e9 parecida. Pode da aspereza surgir horizontes? Pode de um arrependido nascer honra? Pode de um velho pecador existir santidade? Sim, pode. Por que n\u00e3o? Afinal, n\u00e3o \u00e9 de pedras e tijolos que nascem casas?<\/p>\n<p>&nbsp;<\/p>\n","protected":false},"excerpt":{"rendered":"<p>Assenta o tijolo, cobre com cimento, levanta a parede. Faz assim muitas vezes, sol a sol, dia a dia. J\u00e1 nem percebe mais as gotas de suor molhando sua camisa. Brinca com o companheiro: &#8220;\u00f4, Z\u00e9, faz esta parede direito, hein? N\u00e3o quero casa torta&#8221;. Casa torta. Esta bem que poderia ser uma defini\u00e7\u00e3o metaf\u00f3rica [&hellip;]<\/p>\n","protected":false},"author":12,"featured_media":0,"comment_status":"open","ping_status":"open","sticky":false,"template":"","format":"standard","meta":{"ngg_post_thumbnail":0,"footnotes":""},"categories":[7654],"tags":[7654,18375],"class_list":["post-1537","post","type-post","status-publish","format-standard","hentry","category-cronicas","tag-cronicas","tag-dignidade"],"_links":{"self":[{"href":"https:\/\/ultimato.com.br\/sites\/fatosecorrelatos\/wp-json\/wp\/v2\/posts\/1537","targetHints":{"allow":["GET"]}}],"collection":[{"href":"https:\/\/ultimato.com.br\/sites\/fatosecorrelatos\/wp-json\/wp\/v2\/posts"}],"about":[{"href":"https:\/\/ultimato.com.br\/sites\/fatosecorrelatos\/wp-json\/wp\/v2\/types\/post"}],"author":[{"embeddable":true,"href":"https:\/\/ultimato.com.br\/sites\/fatosecorrelatos\/wp-json\/wp\/v2\/users\/12"}],"replies":[{"embeddable":true,"href":"https:\/\/ultimato.com.br\/sites\/fatosecorrelatos\/wp-json\/wp\/v2\/comments?post=1537"}],"version-history":[{"count":3,"href":"https:\/\/ultimato.com.br\/sites\/fatosecorrelatos\/wp-json\/wp\/v2\/posts\/1537\/revisions"}],"predecessor-version":[{"id":1540,"href":"https:\/\/ultimato.com.br\/sites\/fatosecorrelatos\/wp-json\/wp\/v2\/posts\/1537\/revisions\/1540"}],"wp:attachment":[{"href":"https:\/\/ultimato.com.br\/sites\/fatosecorrelatos\/wp-json\/wp\/v2\/media?parent=1537"}],"wp:term":[{"taxonomy":"category","embeddable":true,"href":"https:\/\/ultimato.com.br\/sites\/fatosecorrelatos\/wp-json\/wp\/v2\/categories?post=1537"},{"taxonomy":"post_tag","embeddable":true,"href":"https:\/\/ultimato.com.br\/sites\/fatosecorrelatos\/wp-json\/wp\/v2\/tags?post=1537"}],"curies":[{"name":"wp","href":"https:\/\/api.w.org\/{rel}","templated":true}]}}