{"id":1527,"date":"2016-10-06T10:07:46","date_gmt":"2016-10-06T13:07:46","guid":{"rendered":"http:\/\/ultimato.com.br\/sites\/fatosecorrelatos\/?p=1527"},"modified":"2016-10-09T10:59:25","modified_gmt":"2016-10-09T13:59:25","slug":"minha-ultima-conversa-com-o-pr-elben-cesar","status":"publish","type":"post","link":"https:\/\/ultimato.com.br\/sites\/fatosecorrelatos\/2016\/10\/06\/minha-ultima-conversa-com-o-pr-elben-cesar\/","title":{"rendered":"Minha \u00faltima conversa com o pr. Elben C\u00e9sar"},"content":{"rendered":"<div id=\"attachment_1528\" style=\"width: 464px\" class=\"wp-caption aligncenter\"><a href=\"http:\/\/ultimato.com.br\/sites\/fatosecorrelatos\/files\/2016\/10\/elben-Copia.jpg\" class=\"lightview\" data-lightview-group=\"group-1527\" data-lightview-options=\"skin: 'dark', controls: 'relative', padding: '10', shadow: { color: '#000000', opacity: 0.08, blur: 3 }\"><img loading=\"lazy\" decoding=\"async\" aria-describedby=\"caption-attachment-1528\" class=\"wp-image-1528 size-full\" src=\"http:\/\/ultimato.com.br\/sites\/fatosecorrelatos\/files\/2016\/10\/elben-Copia.jpg\" alt=\"Esta foi a \u00faltima foto que bati do pr. Elben.\" width=\"454\" height=\"302\" srcset=\"https:\/\/ultimato.com.br\/sites\/fatosecorrelatos\/files\/2016\/10\/elben-Copia.jpg 454w, https:\/\/ultimato.com.br\/sites\/fatosecorrelatos\/files\/2016\/10\/elben-Copia-300x200.jpg 300w, https:\/\/ultimato.com.br\/sites\/fatosecorrelatos\/files\/2016\/10\/elben-Copia-150x100.jpg 150w\" sizes=\"auto, (max-width: 454px) 100vw, 454px\" \/><\/a><p id=\"caption-attachment-1528\" class=\"wp-caption-text\">Esta foi a \u00faltima foto que bati do pr. Elben<\/p><\/div>\n<p>Era fim de tarde. O escrit\u00f3rio rec\u00e9m-inaugurado do pr. Elben estava iluminado pela luz natural do sol quase poente &#8211; o que, de fato, combinava com o meu momento pessoal. Fim de um tempo, in\u00edcio de uma nova fase. Eu estava saindo de Vi\u00e7osa ap\u00f3s 15 anos. N\u00e3o estava sendo f\u00e1cil lidar com isso.<\/p>\n<p>A conversa era para ter ocorrido tr\u00eas semanas antes, mas n\u00e3o foi poss\u00edvel. Deixamos ent\u00e3o para nos encontrar na ter\u00e7a-feira, dia 06, v\u00e9spera do feriado de 7 de setembro.<\/p>\n<p>O pr. Elben me recebeu com aquele sorriso pastoral, acolhedor, meio crian\u00e7a. Qualquer que fosse o assunto, qualquer que fosse a pessoa, aquele era o seu jeito de receber, de se expressar no primeiro momento de qualquer conversa.<\/p>\n<p>Nosso papo durou cerca de meia hora. Poderia ter durado mais, por\u00e9m eu estava preocupado com o hor\u00e1rio do meu \u00f4nibus. Era uma conversa de despedida. Trabalhei por 5 anos na Editora Ultimato, mas j\u00e1 convivia com o pr. Elben h\u00e1 15 anos.<\/p>\n<p>Nos cumprimentamos, como bons amigos que \u00e9ramos. Ele me perguntou sobre a fam\u00edlia (ele chamava meu filhinho de \u201cbrucutu\u201d), sobre o trabalho da mudan\u00e7a, sobre a data que eu iria embora&#8230; Falou tamb\u00e9m sobre a falta que eu faria, mas me encorajou a ver esta nova oportunidade como uma chance dada por Deus. \u201cN\u00e3o tenho d\u00favidas de que Deus vai us\u00e1-lo l\u00e1\u201d, me lembro bem destas palavras que disse.<\/p>\n<p>Depois ele me mostrou um artigo que tinha escrito para a pr\u00f3xima edi\u00e7\u00e3o da revista <strong>Ultimato<\/strong> e me pediu para pesquisar algumas informa\u00e7\u00f5es e entreg\u00e1-las a ele no dia seguinte. Nos lembramos que j\u00e1 haviam se passado 15 anos do atentado \u00e0s torres g\u00eameas. Ent\u00e3o ele se perguntou, em voz alta, com um tom de pessimismo, qual seria o futuro desta gera\u00e7\u00e3o. Eu respondi que tamb\u00e9m compartilhava o mesmo sentimento de tristeza pelo que estava acontecendo: guerras, confus\u00e3o, falta de unidade, etc.<\/p>\n<p>Depois, a conversa voltou sua dire\u00e7\u00e3o novamente para as coisas boas que poderiam acontecer nesta nova fase da minha vida. No final, nos levantamos, ele me mostrou alguns livros e nos juntamos \u00e0 tia Deja (esposa) e J\u00fania (filha). Eles oraram por mim e por minha fam\u00edlia.<\/p>\n<p>Esta foi minha \u00faltima conversa com o pr. Elben C\u00e9sar, diretor e fundador da revista <strong>Ultimato<\/strong>. Na manh\u00e3 do dia seguinte, ele sofreu uma queda: estava se lavando no banheiro de sua casa e caiu. Bateu fortemente a cabe\u00e7a. Levantou-se. Parecia normal, n\u00e3o fosse uma perda de mem\u00f3ria do que tinha acabado de acontecer. Ap\u00f3s o almo\u00e7o, sentiu forte dor de cabe\u00e7a e ent\u00e3o a fam\u00edlia providenciou sua interna\u00e7\u00e3o. Ap\u00f3s exames, constatou-se a gravidade do problema: uma hemorragia extensa no c\u00e9rebro. O pr. Elben ficou inconsciente. Depois disso, nunca mais acordou. Ainda lutou bravamente por um m\u00eas, e mesmo que suas fun\u00e7\u00f5es vitais estivessem boas, seu c\u00e9rebro estava muito danificado.<\/p>\n<p>Na madrugada desta quinta-feira, dia 06 de outubro, aos 86 anos, ele \u201cfoi promovido \u00e0 gl\u00f3ria\u201d, como disseram tia Deja e as filhas.<\/p>\n<p>Meu cora\u00e7\u00e3o est\u00e1 abatido. Perdi um amigo e n\u00e3o estou em Vi\u00e7osa para poder me despedir dele e para abra\u00e7ar e chorar junto com a fam\u00edlia. Mas, ao mesmo tempo, estou grato a Deus pela oportunidade de ter sido pastoreado pelo pr. Elben especialmente naquele dia. Mais ainda, me alegro por ter convivido com ele nestes \u00faltimos 15 anos. Foi um privil\u00e9gio. Foi uma honra.<\/p>\n<p>Me lembro da primeira vez que o vi em fevereiro de 2001. Eu tinha acabado de chegar no CEM (Centro Evang\u00e9lico de Miss\u00f5es), em Vi\u00e7osa, para estudar o curso de 2 anos na \u00e1rea de miss\u00f5es. Eu ainda n\u00e3o o tinha visto pessoalmente, e n\u00e3o conhecia seu rosto. Vi um senhor de bermuda e n\u00e3o imaginei que fosse o famoso Elben C\u00e9sar. Mas era sim. Ele era assim. Simples, alegre e apaixonado por Jesus.<\/p>\n<p>Nunca conheci algu\u00e9m t\u00e3o marcante. N\u00e3o porque fosse perfeito ou porque tinha respostas para tudo, mas porque era \u00edntegro. Foi o homem mais \u00edntegro que j\u00e1 conheci.<\/p>\n<p>Ele foi muito bem sucedido na jornada para a qual foi chamado. Mesmo sem recursos, o pr. Elben criou a revista evang\u00e9lica sem cor denominacional mais longeva do Brasil. Mesmo ainda jovem, desbravou com o Evangelho uma regi\u00e3o muito avessa a protestantes e fundou uma igreja equilibrada, b\u00edblica, mas que n\u00e3o \u00e9 ref\u00e9m de barreiras denominacionais. Mesmo sem nenhum modelo j\u00e1 estabelecido no Brasil, ajudou a fundar uma escola de miss\u00f5es que integra chamado e profiss\u00e3o para que o nome de Cristo seja conhecido.<\/p>\n<p>Todo mundo que conheceu o pr. Elben sabe sobre o que ele gostava de falar. Ent\u00e3o vou tentar resumir:<\/p>\n<p><strong>&#8211; Pecaminosidade latente.<\/strong> Ele era franco o suficiente para ressaltar que todos n\u00f3s somos \u201cvira-latas\u201d, que somos fracassados espiritualmente, que precisamos admitir que somos pecadores, e que pecado nos persegue constantemente.<\/p>\n<p><strong>&#8211; Cristo \u00e9 o centro.<\/strong> Todo o sentido do esfor\u00e7o da revista <strong>Ultimato<\/strong> \u00e9 \u201cexercer uma influ\u00eancia cristoc\u00eantrica\u201d em todos, sejam crist\u00e3os (evang\u00e9licos ou cat\u00f3licos) sejam n\u00e3o crist\u00e3os. Quer sabe o que mais empolgava o pr. Elben em um livro? Era quando o autor falava de Cristo. Cristo era o padr\u00e3o, o centro, a base, o fundamento. Quem conheceu o Elben sabe que isso n\u00e3o era apenas discurso religioso. Era o sentido da vida dele.<\/p>\n<p><strong>&#8211; Ler a B\u00edblia com proveito.<\/strong> Era a fonte de toda reflex\u00e3o do pr. Elben. Todos os seus serm\u00e3os, livros e palestras tinham nela a base. Mas n\u00e3o era um base para moralizar os outros, para jogar pedras ou para exaltar-se. Era sua refer\u00eancia para proclamar as Boas Novas, para amar o pr\u00f3ximo, para unir-se em ora\u00e7\u00e3o, para liderar. Ele gostava de citar vers\u00f5es diferentes do mesmo vers\u00edculo e dizia que a revista <strong>Ultimato<\/strong> s\u00f3 existia porque o que encontrava em suas leituras di\u00e1rias era t\u00e3o maravilhoso que ele n\u00e3o poderia guardar apenas para si mesmo. Ent\u00e3o precisava compartilhar na revista, nos p\u00falpitos e nos livros. \u201cLer a B\u00edblia com proveito\u201d. Este era o conselho que ele mais gostava de dar.<\/p>\n<p>&#8211; <strong>Salva\u00e7\u00e3o \u00e9: justifica\u00e7\u00e3o, santifica\u00e7\u00e3o e glorifica\u00e7\u00e3o.<\/strong> Ele gostava de usar esse esquema emprestado do livro de John Stott para os tr\u00eas tempos da salva\u00e7\u00e3o. 1) Justifica\u00e7\u00e3o: fomos salvos da puni\u00e7\u00e3o do pecado; 2) Santifica\u00e7\u00e3o: estamos sendo salvos do poder do pecado ; 3) Glorifica\u00e7\u00e3o: seremos salvos da presen\u00e7a do pecado.<\/p>\n<p>&#8211; <strong>A morte da morte.<\/strong> Ele gostava de citar a frase de Paulo: \u201cO \u00faltimo inimigo a ser destru\u00eddo \u00e9 a morte\u201d (1 Co 15.26). Elben sabia que a morte era algo muito doloroso, mas tamb\u00e9m tinha convic\u00e7\u00e3o de que ela era seria derrotada na \u00faltima batalha. \u201cOnde est\u00e1, \u00f3 morte, a tua vit\u00f3ria?\u201d (1Co 15.55). Em v\u00e1rios textos, Elben imaginou o cortejo f\u00fanebre da morte, com alegres cantos de livramento daqueles que s\u00e3o mais que vencedores em Cristo Jesus.<\/p>\n<p>Meu amigo Elben, hoje \u00e9 o dia do seu funeral, \u00e9 verdade. Os choros ser\u00e3o sinceros, mas tamb\u00e9m haver\u00e1 cantos de gratid\u00e3o e de esperan\u00e7a. Sobretudo, a mesma esperan\u00e7a que voc\u00ea anunciou durante toda sua vida. Esperan\u00e7a de que um dia tudo ser\u00e1 consumado, que Cristo terminar\u00e1 sua obra de reconcilia\u00e7\u00e3o e de ju\u00edzo. E naquele dia (que ningu\u00e9m sabe a data), todos n\u00f3s, estaremos em outro funeral, o da morte. Aleluia! Maranata!<\/p>\n<p>&nbsp;<\/p>\n<p>&nbsp;<\/p>\n<h6><strong><span style=\"color: #993300;\">Leia tamb\u00e9m<\/span><br \/>\n<\/strong><a href=\"http:\/\/ultimato.com.br\/sites\/elbencesar\/linha-do-tempo\/\">Linha do tempo de Elben C\u00e9sar<\/a><\/h6>\n<p>&nbsp;<\/p>\n","protected":false},"excerpt":{"rendered":"<p>O pr. Elben me recebeu com aquele sorriso pastoral, acolhedor, meio crian\u00e7a. Qualquer que fosse o assunto, qualquer que fosse a pessoa, aquele era o seu jeito de receber, de se expressar no primeiro momento de qualquer conversa.<\/p>\n","protected":false},"author":12,"featured_media":0,"comment_status":"open","ping_status":"open","sticky":false,"template":"","format":"standard","meta":{"ngg_post_thumbnail":0,"footnotes":""},"categories":[9883,7658],"tags":[17760,9883,5478,161,9859],"class_list":["post-1527","post","type-post","status-publish","format-standard","hentry","category-dialogos","category-pessoas","tag-despedida","tag-dialogos","tag-elben-cesar","tag-morte","tag-pessoas-2"],"_links":{"self":[{"href":"https:\/\/ultimato.com.br\/sites\/fatosecorrelatos\/wp-json\/wp\/v2\/posts\/1527","targetHints":{"allow":["GET"]}}],"collection":[{"href":"https:\/\/ultimato.com.br\/sites\/fatosecorrelatos\/wp-json\/wp\/v2\/posts"}],"about":[{"href":"https:\/\/ultimato.com.br\/sites\/fatosecorrelatos\/wp-json\/wp\/v2\/types\/post"}],"author":[{"embeddable":true,"href":"https:\/\/ultimato.com.br\/sites\/fatosecorrelatos\/wp-json\/wp\/v2\/users\/12"}],"replies":[{"embeddable":true,"href":"https:\/\/ultimato.com.br\/sites\/fatosecorrelatos\/wp-json\/wp\/v2\/comments?post=1527"}],"version-history":[{"count":7,"href":"https:\/\/ultimato.com.br\/sites\/fatosecorrelatos\/wp-json\/wp\/v2\/posts\/1527\/revisions"}],"predecessor-version":[{"id":1535,"href":"https:\/\/ultimato.com.br\/sites\/fatosecorrelatos\/wp-json\/wp\/v2\/posts\/1527\/revisions\/1535"}],"wp:attachment":[{"href":"https:\/\/ultimato.com.br\/sites\/fatosecorrelatos\/wp-json\/wp\/v2\/media?parent=1527"}],"wp:term":[{"taxonomy":"category","embeddable":true,"href":"https:\/\/ultimato.com.br\/sites\/fatosecorrelatos\/wp-json\/wp\/v2\/categories?post=1527"},{"taxonomy":"post_tag","embeddable":true,"href":"https:\/\/ultimato.com.br\/sites\/fatosecorrelatos\/wp-json\/wp\/v2\/tags?post=1527"}],"curies":[{"name":"wp","href":"https:\/\/api.w.org\/{rel}","templated":true}]}}