{"id":1521,"date":"2016-09-22T08:34:10","date_gmt":"2016-09-22T11:34:10","guid":{"rendered":"http:\/\/ultimato.com.br\/sites\/fatosecorrelatos\/?p=1521"},"modified":"2016-09-22T08:34:10","modified_gmt":"2016-09-22T11:34:10","slug":"como-enfrentar-a-tristeza","status":"publish","type":"post","link":"https:\/\/ultimato.com.br\/sites\/fatosecorrelatos\/2016\/09\/22\/como-enfrentar-a-tristeza\/","title":{"rendered":"Como enfrentar a tristeza"},"content":{"rendered":"<h6 style=\"text-align: center;\"><span style=\"color: #993300;\">Falamos muito sobre amor, mas pouco sobre tristeza<\/span><\/h6>\n<p>&nbsp;<\/p>\n<blockquote>\n<div style=\"text-align: right;\">A tristeza \u00e9 melhor do que o riso, porque o rosto triste melhora o cora\u00e7\u00e3o.<br \/>\n<a href=\"https:\/\/www.bibliaonline.com.br\/nvi\/ec\/7\/3\">Eclesiastes 7:3<\/a><\/div>\n<\/blockquote>\n<p>&nbsp;<\/p>\n<div id=\"attachment_1522\" style=\"width: 410px\" class=\"wp-caption aligncenter\"><a href=\"http:\/\/ultimato.com.br\/sites\/fatosecorrelatos\/files\/2016\/09\/storm-tree-1316835-640x480-e1474543969551.jpg\" class=\"lightview\" data-lightview-group=\"group-1521\" data-lightview-options=\"skin: 'dark', controls: 'relative', padding: '10', shadow: { color: '#000000', opacity: 0.08, blur: 3 }\"><img loading=\"lazy\" decoding=\"async\" aria-describedby=\"caption-attachment-1522\" class=\"wp-image-1522 size-full\" src=\"http:\/\/ultimato.com.br\/sites\/fatosecorrelatos\/files\/2016\/09\/storm-tree-1316835-640x480-e1474543969551.jpg\" alt=\"Steve Knight\/Freeimages.com\" width=\"400\" height=\"300\" \/><\/a><p id=\"caption-attachment-1522\" class=\"wp-caption-text\">Steve Knight\/Freeimages.com<\/p><\/div>\n<p>A tristeza \u00e9 um sentimento t\u00e3o real quanto a alegria. \u00c9 verdade que n\u00e3o se trata de algo agrad\u00e1vel (por vezes, \u00e9 insuport\u00e1vel). Mesmo assim ela \u00e9 muito \u00fatil &#8211; e eu diria at\u00e9 necess\u00e1ria. Reagir corretamente \u00e0 tristeza \u00e9 uma prova de maturidade. E n\u00e3o h\u00e1 outra forma de reagir que n\u00e3o seja <em>enfrentando-a e experimentando-a genuinamente.<\/em><\/p>\n<p><strong>Como?<\/strong><\/p>\n<p><span style=\"color: #993300;\">&#8211; N\u00e3o menosprezando o sentimento<\/span><em><br \/>\n<\/em>Muitos crist\u00e3os famosos, como Madre Teresa de Calcut\u00e1, n\u00e3o esconderam que j\u00e1 passaram por \u201cnoites escuras da alma\u201d. Davi sentia-se como \u201cterra seca, exausta de \u00e1gua\u201d (Sl 63) e Paulo admitiu \u201cgrande tristeza e ang\u00fastia no cora\u00e7\u00e3o\u201d por perceber como era dif\u00edcil seus irm\u00e3os crerem em Cristo (Rm 9.2).<\/p>\n<p><span style=\"color: #993300;\">&#8211; Sendo honesto sobre as causas<\/span><em><br \/>\n<\/em>Fuja da tenta\u00e7\u00e3o de \u201cespiritualizar\u201d a tristeza quando a causa \u00e9 psicol\u00f3gica. Mas tamb\u00e9m n\u00e3o seja incr\u00e9dulo e reconhe\u00e7a quando a tristeza surge de uma luta contra o pecado (2 Co 7.10). O importante \u00e9 fazer um exame franco sobre qual a fonte da amargura. Ore e medite.<\/p>\n<p><span style=\"color: #993300;\">&#8211; Tendo esperan\u00e7a em Deus<\/span><em><br \/>\n<\/em>\u00c9 verdade que devemos encarar corajosamente o inc\u00f4modo da tristeza, mas n\u00e3o devemos perder a esperan\u00e7a de que Deus ir\u00e1 nos ajudar a super\u00e1-la (Sl 51.12, Sl 126, Jo 16.22, Ap 21.4).<\/p>\n<p><span style=\"color: #993300;\">&#8211; Pedindo ajuda a outros<\/span><em><br \/>\n<\/em>N\u00e3o devemos enfrentar sozinhos o peso da tristeza. Somos uma comunidade, n\u00e3o um clube. O pr\u00f3prio Jesus, em seu momento mais triste, chamou seus amigos: \u201cfiquem aqui e vigiem comigo\u201d (Mt 26.38). A consola\u00e7\u00e3o que Deus deve nos encorajar a consolar outros (2 Co 1.3-5).<\/p>\n<p><span style=\"color: #993300;\">&#8211; Perguntando a si mesmo: quem \u00e9 Deus aqui, neste momento?<\/span><em><br \/>\n<\/em>Cremos no Deus que veio at\u00e9 n\u00f3s, que sentiu nossas dores, que consolou seus disc\u00edpulos. Portanto, talvez a pergunta mais importante seja esta: qual a face de Deus em minha tristeza? Para Maria Madalena, ele foi o Rab\u00f4ni que viu suas l\u00e1grimas (Jo 20.15-16). Para os disc\u00edpulos de Ema\u00fas, ele foi aquele que fez seus cora\u00e7\u00f5es queimarem (Lc 24.30-32).<\/p>\n<p>A tristeza n\u00e3o deve ser reprimida, nem endeusada. Deve ser encarada com esperan\u00e7a no amor e na gra\u00e7a de Deus.<\/p>\n<p>&nbsp;<\/p>\n<blockquote><p>Se a tristeza se levantar na sua frente; se a inquieta\u00e7\u00e3o lhe passar pelas m\u00e3os, deve pensar que a vida n\u00e3o o esqueceu, que o segura pela m\u00e3o e n\u00e3o o deixar\u00e1 cair.<\/p>\n<p><strong>Rainer Maria Rilke<\/strong> (Cartas a um Jovem Poeta, 66)<\/p><\/blockquote>\n<p>&nbsp;<\/p>\n<p>&nbsp;<\/p>\n","protected":false},"excerpt":{"rendered":"<p>Falamos muito sobre amor, mas pouco sobre tristeza &nbsp; A tristeza \u00e9 melhor do que o riso, porque o rosto triste melhora o cora\u00e7\u00e3o. Eclesiastes 7:3 &nbsp; A tristeza \u00e9 um sentimento t\u00e3o real quanto a alegria. \u00c9 verdade que n\u00e3o se trata de algo agrad\u00e1vel (por vezes, \u00e9 insuport\u00e1vel). Mesmo assim ela \u00e9 muito [&hellip;]<\/p>\n","protected":false},"author":12,"featured_media":0,"comment_status":"open","ping_status":"open","sticky":false,"template":"","format":"standard","meta":{"ngg_post_thumbnail":0,"footnotes":""},"categories":[114],"tags":[28469,30084,6070],"class_list":["post-1521","post","type-post","status-publish","format-standard","hentry","category-artigos","tag-animo","tag-emocoes","tag-tristeza"],"_links":{"self":[{"href":"https:\/\/ultimato.com.br\/sites\/fatosecorrelatos\/wp-json\/wp\/v2\/posts\/1521","targetHints":{"allow":["GET"]}}],"collection":[{"href":"https:\/\/ultimato.com.br\/sites\/fatosecorrelatos\/wp-json\/wp\/v2\/posts"}],"about":[{"href":"https:\/\/ultimato.com.br\/sites\/fatosecorrelatos\/wp-json\/wp\/v2\/types\/post"}],"author":[{"embeddable":true,"href":"https:\/\/ultimato.com.br\/sites\/fatosecorrelatos\/wp-json\/wp\/v2\/users\/12"}],"replies":[{"embeddable":true,"href":"https:\/\/ultimato.com.br\/sites\/fatosecorrelatos\/wp-json\/wp\/v2\/comments?post=1521"}],"version-history":[{"count":2,"href":"https:\/\/ultimato.com.br\/sites\/fatosecorrelatos\/wp-json\/wp\/v2\/posts\/1521\/revisions"}],"predecessor-version":[{"id":1524,"href":"https:\/\/ultimato.com.br\/sites\/fatosecorrelatos\/wp-json\/wp\/v2\/posts\/1521\/revisions\/1524"}],"wp:attachment":[{"href":"https:\/\/ultimato.com.br\/sites\/fatosecorrelatos\/wp-json\/wp\/v2\/media?parent=1521"}],"wp:term":[{"taxonomy":"category","embeddable":true,"href":"https:\/\/ultimato.com.br\/sites\/fatosecorrelatos\/wp-json\/wp\/v2\/categories?post=1521"},{"taxonomy":"post_tag","embeddable":true,"href":"https:\/\/ultimato.com.br\/sites\/fatosecorrelatos\/wp-json\/wp\/v2\/tags?post=1521"}],"curies":[{"name":"wp","href":"https:\/\/api.w.org\/{rel}","templated":true}]}}