{"id":1518,"date":"2016-09-15T08:22:11","date_gmt":"2016-09-15T11:22:11","guid":{"rendered":"http:\/\/ultimato.com.br\/sites\/fatosecorrelatos\/?p=1518"},"modified":"2016-09-15T08:22:55","modified_gmt":"2016-09-15T11:22:55","slug":"a-oracao-de-jeremias","status":"publish","type":"post","link":"https:\/\/ultimato.com.br\/sites\/fatosecorrelatos\/2016\/09\/15\/a-oracao-de-jeremias\/","title":{"rendered":"A ora\u00e7\u00e3o de Jeremias"},"content":{"rendered":"<blockquote><p>Eu sei, Senhor, que n\u00e3o est\u00e1 nas m\u00e3os do homem o seu futuro;<\/p>\n<p>n\u00e3o compete ao homem dirigir os seus passos.<\/p>\n<p>Corrige-me, Senhor, mas somente com justi\u00e7a, n\u00e3o com ira, para que n\u00e3o me reduzas as nada.<\/p>\n<p>Derrama a tua ira sobre as na\u00e7\u00f5es que n\u00e3o te conhecem, sobre os povos que n\u00e3o invocam o teu nome;<\/p>\n<p>pois eles devoraram Jac\u00f3, devoraram-no completamente e destru\u00edram a sua terra.<\/p>\n<p>Jeremias 10.23-25 (NVI)<\/p><\/blockquote>\n<p>&nbsp;<\/p>\n<p>O velho profeta se entrega em ora\u00e7\u00e3o a Deus. Ele est\u00e1 cansado de ver a podrid\u00e3o humana. E reconhece que ele pr\u00f3prio n\u00e3o passaria pela r\u00e9gua da ira de Deus.<\/p>\n<p>O velho profeta n\u00e3o \u00e9 iludido pelas utopias. Ele sabe que o futuro n\u00e3o pertence ao pretenso &#8220;super-homem&#8221;. Somos magn\u00edficos, mas ao mesmo tempo somos uma vergonha. Somos inteligentes, capazes de criar coisas incr\u00edveis, mas tamb\u00e9m somos corruptos, imaturos e opressores.<\/p>\n<p>&#8220;Esse \u00e9 o paradoxo da nossa humanidade. Somos ao mesmo tempo nobres e ign\u00f3beis, racionais e irracionais, morais e imorais, criativos e destrutivos, amorosos e ego\u00edstas, parecidos com Deus e bestiais&#8221;.<sup>1<\/sup><\/p>\n<p>O velho profeta olha para sua terra, sua amada terra e a v\u00ea em decad\u00eancia. E num surto de indigna\u00e7\u00e3o, percebe que n\u00e3o somente ela est\u00e1 em decad\u00eancia. Todas as na\u00e7\u00f5es est\u00e3o. Todas elas vilipendiaram a grandeza do Senhor. Quando isso ocorre, tudo e todos s\u00e3o afetados. O senso de sagrado perde valor. O que Deus escolhe perde aten\u00e7\u00e3o.<\/p>\n<p>O velho profeta ent\u00e3o ora. Ele n\u00e3o pede que Deus deixe de ser justo, mas, sim, que n\u00e3o desista da humanidade. Que permita mais um cap\u00edtulo. Que nos deixe caminhar mais um pouco para que, como fruto do arrependimento sincero, possamos corrigir nossos erros e restaurar nossa terra.<\/p>\n<p>O velho profeta n\u00e3o viveu para ver, mas Deus respondeu sua ora\u00e7\u00e3o muitos anos depois. O pr\u00f3prio Deus veio at\u00e9 n\u00f3s para fazer justi\u00e7a, mas n\u00e3o para destruir.<\/p>\n<p>O velho profeta foi honrado em sua ora\u00e7\u00e3o por Jesus Cristo. Aquele que, de fato, dirige nossos passos e que tem o futuro em suas m\u00e3os &#8212; feridas, mas redentoras.<\/p>\n<p>&nbsp;<\/p>\n<p><strong>Nota:<\/strong><br \/>\n1. Stott, John. <a href=\"http:\/\/www.ultimato.com.br\/loja\/produtos\/por-que-sou-cristao\">Por que Sou Crist\u00e3o<\/a>. Editora Ultimato. p, 83.<\/p>\n","protected":false},"excerpt":{"rendered":"<p>Eu sei, Senhor, que n\u00e3o est\u00e1 nas m\u00e3os do homem o seu futuro; n\u00e3o compete ao homem dirigir os seus passos. Corrige-me, Senhor, mas somente com justi\u00e7a, n\u00e3o com ira, para que n\u00e3o me reduzas as nada. Derrama a tua ira sobre as na\u00e7\u00f5es que n\u00e3o te conhecem, sobre os povos que n\u00e3o invocam o [&hellip;]<\/p>\n","protected":false},"author":12,"featured_media":0,"comment_status":"open","ping_status":"open","sticky":false,"template":"","format":"standard","meta":{"ngg_post_thumbnail":0,"footnotes":""},"categories":[7654,24533,9883],"tags":[7654,24541,7601,5661,22221],"class_list":["post-1518","post","type-post","status-publish","format-standard","hentry","category-cronicas","category-cronicas-biblicas","category-dialogos","tag-cronicas","tag-cronicas-biblicas","tag-humanidade","tag-jeremias","tag-profeta"],"_links":{"self":[{"href":"https:\/\/ultimato.com.br\/sites\/fatosecorrelatos\/wp-json\/wp\/v2\/posts\/1518","targetHints":{"allow":["GET"]}}],"collection":[{"href":"https:\/\/ultimato.com.br\/sites\/fatosecorrelatos\/wp-json\/wp\/v2\/posts"}],"about":[{"href":"https:\/\/ultimato.com.br\/sites\/fatosecorrelatos\/wp-json\/wp\/v2\/types\/post"}],"author":[{"embeddable":true,"href":"https:\/\/ultimato.com.br\/sites\/fatosecorrelatos\/wp-json\/wp\/v2\/users\/12"}],"replies":[{"embeddable":true,"href":"https:\/\/ultimato.com.br\/sites\/fatosecorrelatos\/wp-json\/wp\/v2\/comments?post=1518"}],"version-history":[{"count":2,"href":"https:\/\/ultimato.com.br\/sites\/fatosecorrelatos\/wp-json\/wp\/v2\/posts\/1518\/revisions"}],"predecessor-version":[{"id":1520,"href":"https:\/\/ultimato.com.br\/sites\/fatosecorrelatos\/wp-json\/wp\/v2\/posts\/1518\/revisions\/1520"}],"wp:attachment":[{"href":"https:\/\/ultimato.com.br\/sites\/fatosecorrelatos\/wp-json\/wp\/v2\/media?parent=1518"}],"wp:term":[{"taxonomy":"category","embeddable":true,"href":"https:\/\/ultimato.com.br\/sites\/fatosecorrelatos\/wp-json\/wp\/v2\/categories?post=1518"},{"taxonomy":"post_tag","embeddable":true,"href":"https:\/\/ultimato.com.br\/sites\/fatosecorrelatos\/wp-json\/wp\/v2\/tags?post=1518"}],"curies":[{"name":"wp","href":"https:\/\/api.w.org\/{rel}","templated":true}]}}