{"id":1503,"date":"2016-07-21T19:10:34","date_gmt":"2016-07-21T22:10:34","guid":{"rendered":"http:\/\/ultimato.com.br\/sites\/fatosecorrelatos\/?p=1503"},"modified":"2016-07-26T13:36:06","modified_gmt":"2016-07-26T16:36:06","slug":"com-ou-sem-sol","status":"publish","type":"post","link":"https:\/\/ultimato.com.br\/sites\/fatosecorrelatos\/2016\/07\/21\/com-ou-sem-sol\/","title":{"rendered":"Com ou sem sol"},"content":{"rendered":"<p>A maioria dos dias s\u00e3o cheios de tarefas, mas nem todos. Hoje, por exemplo. Tive que fazer uma viagem n\u00e3o planejada e o caminho para chegar ao destino passa pelo Rio de Janeiro. \u00c9 verdade que o tempo na cidade \u00e9 muito curto, mas o suficiente para sentir sua atmosfera e seu jeito. Cariocas s\u00e3o bacanas, cariocas s\u00e3o legais&#8230; E se eles n\u00e3o gostam de dias nublados, a verdade \u00e9 que no \u00fanico dia em que permane\u00e7o no Rio, eis que o sol decidiu n\u00e3o aparecer. E se cariocas n\u00e3o param em sinais fechados, eles investem nas s\u00edlabas com &#8220;s&#8221; e na conversa com quem quer que seja.<\/p>\n<p>Eu disse \u00e0 minha esposa:\u00a0&#8220;O Rio sempre me procurou e eu sempre fugi dele&#8221;. Ela pergunta a raz\u00e3o. Eu disse que minha m\u00e3e \u00e9 de Duque de Caxias e na inf\u00e2ncia nosso programa preferido nas f\u00e9rias era sair do Norte, atravessar o pa\u00eds e chegar no fim da serra de Petr\u00f3polis. Estando l\u00e1, visit\u00e1vamos praias no Rio. Acho que o primeiro lugar em que molhei meus p\u00e9s em uma praia foi em Botafogo. Tamb\u00e9m tive muitas oportunidades de visitar a cidade, j\u00e1 at\u00e9 perdi a conta. No entanto, nunca fui ass\u00edduo, n\u00e3o conhe\u00e7o seus contornos &#8212; tanto que \u00e9 costume pedir ajuda de amigos para encontrar a dire\u00e7\u00e3o.<\/p>\n<p>Mas hoje foi diferente. Fizemos um passeio sem pressa pelo aterro do Flamengo, comemos um delicioso galeto com arroz, feij\u00e3o, farofa e vinagrete e, ap\u00f3s uma manh\u00e3 inteira andando, paramos para ver a vista do P\u00e3o de A\u00e7\u00facar.<\/p>\n<p>As bancas de jornais trazem not\u00edcias sobre os Jogos Ol\u00edmpicos e ao chegarmos ao hotel vimos um grupo de jovens atletas norte-americanos que buscar\u00e3o medalhas no boxe. Eles ficariam hospedados na base naval, mas n\u00e3o gostaram das acomoda\u00e7\u00f5es e decidiram na \u00faltima hora ficar no hotel. O atendente, que \u00e9 luterano e tem amigos em Vi\u00e7osa, estava aflito com tanto trabalho n\u00e3o previsto.<\/p>\n<p>Se n\u00e3o encontramos o sol no Rio, pelo menos a beleza da cidade n\u00e3o depende exclusivamente dele. Ainda deu tempo de visitar a Santa Casa de Miseric\u00f3rdia e fotografar a est\u00e1tua de um Padre Anchieta com ares de her\u00f3i.<\/p>\n<p>Quando pass\u00e1vamos pela Pra\u00e7a 15 de Novembro, vi uma cena pitoresca. Debaixo da est\u00e1tua provavelmente de Marechal Deodoro (o monumento n\u00e3o informa), um morador de rua &#8220;tocava&#8221; um viol\u00e3o mal acabado. N\u00e3o sa\u00eda quase nenhum som e quando cheguei perto para dar-lhe uma nota de dois reais, vi que ele tamb\u00e9m n\u00e3o sabia cantar. Perguntei quem era o homem da est\u00e1tua. Ele apenas respondeu: &#8220;o cavalo \u00e9 preto, o cavalo \u00e9 preto&#8221;.<\/p>\n<p>Fotografei os dois. Postei no <em>Instagram<\/em>\u00a0assim:<\/p>\n<p>&nbsp;<\/p>\n<blockquote class=\"instagram-media\" style=\"background: #FFF; border: 0; border-radius: 3px; box-shadow: 0 0 1px 0 rgba(0,0,0,0.5),0 1px 10px 0 rgba(0,0,0,0.15); margin: 1px; max-width: 658px; padding: 0; width: calc(100% - 2px);\" data-instgrm-captioned=\"\" data-instgrm-version=\"7\">\n<div style=\"padding: 8px;\">\n<div style=\"background: #F8F8F8; line-height: 0; margin-top: 40px; padding: 37.5% 0; text-align: center; width: 100%;\"><\/div>\n<p style=\"margin: 8px 0 0 0; padding: 0 4px;\"><a style=\"color: #000; font-family: Arial,sans-serif; font-size: 14px; font-style: normal; font-weight: normal; line-height: 17px; text-decoration: none; word-wrap: break-word;\" href=\"https:\/\/www.instagram.com\/p\/BIIFiAdAm0C\/\" target=\"_blank\">O cavaleiro e o violeiro. Um \u00e9 lembran\u00e7a e o outro \u00e9 sonho. Contraste do passado glorioso com o presente sofrido. Pra\u00e7a 15 de Novembro. Rio de Janeiro.<\/a><\/p>\n<p style=\"color: #c9c8cd; font-family: Arial,sans-serif; font-size: 14px; line-height: 17px; margin-bottom: 0; margin-top: 8px; overflow: hidden; padding: 8px 0 7px; text-align: center; text-overflow: ellipsis; white-space: nowrap;\">Uma foto publicada por Liss\u00e2nder Dias (@lissanderdias) em <time style=\"font-family: Arial,sans-serif; font-size: 14px; line-height: 17px;\" datetime=\"2016-07-21T14:09:39+00:00\">Jul 21, 2016 \u00e0s 7:09 PDT<\/time><\/p>\n<\/div>\n<\/blockquote>\n<p><script src=\"\/\/platform.instagram.com\/en_US\/embeds.js\" async=\"\" defer=\"defer\"><\/script><\/p>\n<p>&nbsp;<\/p>\n<p>O dia est\u00e1 terminando e senti uma grande vontade de relatar um pouco de hoje. Partiremos amanh\u00e3 cedinho para Maring\u00e1.<\/p>\n<p>Rio, espero ver-te novamente em breve. Com ou sem sol.<\/p>\n<p>&nbsp;<\/p>\n<p><em>Atualizado em 26\/07\/2016, \u00e0s 13h34.<\/em><\/p>\n<p>&nbsp;<\/p>\n","protected":false},"excerpt":{"rendered":"<p>A maioria dos dias s\u00e3o cheios de tarefas, mas nem todos. Hoje, por exemplo. Tive que fazer uma viagem n\u00e3o planejada e o caminho para chegar ao destino passa pelo Rio de Janeiro. \u00c9 verdade que o tempo na cidade \u00e9 muito curto, mas o suficiente para sentir sua atmosfera e seu jeito. Cariocas s\u00e3o [&hellip;]<\/p>\n","protected":false},"author":12,"featured_media":0,"comment_status":"open","ping_status":"open","sticky":false,"template":"","format":"standard","meta":{"ngg_post_thumbnail":0,"footnotes":""},"categories":[7654,7604],"tags":[7604,5958],"class_list":["post-1503","post","type-post","status-publish","format-standard","hentry","category-cronicas","category-cronicas-de-viagem","tag-cronicas-de-viagem","tag-rio-de-janeiro"],"_links":{"self":[{"href":"https:\/\/ultimato.com.br\/sites\/fatosecorrelatos\/wp-json\/wp\/v2\/posts\/1503","targetHints":{"allow":["GET"]}}],"collection":[{"href":"https:\/\/ultimato.com.br\/sites\/fatosecorrelatos\/wp-json\/wp\/v2\/posts"}],"about":[{"href":"https:\/\/ultimato.com.br\/sites\/fatosecorrelatos\/wp-json\/wp\/v2\/types\/post"}],"author":[{"embeddable":true,"href":"https:\/\/ultimato.com.br\/sites\/fatosecorrelatos\/wp-json\/wp\/v2\/users\/12"}],"replies":[{"embeddable":true,"href":"https:\/\/ultimato.com.br\/sites\/fatosecorrelatos\/wp-json\/wp\/v2\/comments?post=1503"}],"version-history":[{"count":7,"href":"https:\/\/ultimato.com.br\/sites\/fatosecorrelatos\/wp-json\/wp\/v2\/posts\/1503\/revisions"}],"predecessor-version":[{"id":1510,"href":"https:\/\/ultimato.com.br\/sites\/fatosecorrelatos\/wp-json\/wp\/v2\/posts\/1503\/revisions\/1510"}],"wp:attachment":[{"href":"https:\/\/ultimato.com.br\/sites\/fatosecorrelatos\/wp-json\/wp\/v2\/media?parent=1503"}],"wp:term":[{"taxonomy":"category","embeddable":true,"href":"https:\/\/ultimato.com.br\/sites\/fatosecorrelatos\/wp-json\/wp\/v2\/categories?post=1503"},{"taxonomy":"post_tag","embeddable":true,"href":"https:\/\/ultimato.com.br\/sites\/fatosecorrelatos\/wp-json\/wp\/v2\/tags?post=1503"}],"curies":[{"name":"wp","href":"https:\/\/api.w.org\/{rel}","templated":true}]}}