{"id":1501,"date":"2016-07-20T11:13:44","date_gmt":"2016-07-20T14:13:44","guid":{"rendered":"http:\/\/ultimato.com.br\/sites\/fatosecorrelatos\/?p=1501"},"modified":"2016-07-20T11:13:44","modified_gmt":"2016-07-20T14:13:44","slug":"a-morte-da-minha-oracao","status":"publish","type":"post","link":"https:\/\/ultimato.com.br\/sites\/fatosecorrelatos\/2016\/07\/20\/a-morte-da-minha-oracao\/","title":{"rendered":"A morte da minha ora\u00e7\u00e3o"},"content":{"rendered":"<p>A ora\u00e7\u00e3o \u00e9 a ponte entre minha vida inconsciente e consciente. Ela conecta meu pensamento com meu cora\u00e7\u00e3o, minha vontade com minhas paix\u00f5es, meu c\u00e9rebro com meu est\u00f4mago. A ora\u00e7\u00e3o \u00e9 a \u00fanica via para deixar o Esp\u00edrito vivificante de Deus penetrar todos os recantos do meu ser. \u00c9 o instrumento divino de minha completude, unidade e paz interior.<\/p>\n<p>Se \u00e9 assim, o que posso dizer sobre minha vida de ora\u00e7\u00f5es? Gosto de orar? \u00c9 meu desejo orar? Reservo tempo para orar? Francamente, a resposta \u00e9 &#8220;n\u00e3o&#8221; para todas as tr\u00eas quest\u00f5es. Depois de 63 anos de vida e 38 de sacerd\u00f3cio, minha ora\u00e7\u00e3o parece t\u00e3o morta quanto uma pedra.<\/p>\n<p>(&#8230;)<\/p>\n<p>Ser\u00e1 que a escurid\u00e3o e aridez de minha ora\u00e7\u00e3o s\u00e3o sinais da aus\u00eancia de Deus, ou s\u00e3o sinais de uma presen\u00e7a mais profunda e vasta que meus sentidos podem abarcar? A morte de minha ora\u00e7\u00e3o \u00e9 o fim de minha intimidade com Deus ou o in\u00edcio de uma nova comunh\u00e3o, para al\u00e9m das palavras, emo\u00e7\u00f5es e sensa\u00e7\u00f5es corporais?<\/p>\n<p>Na meia hora em que eu me sento para estar na presen\u00e7a de Deus e orar, n\u00e3o acontece coisa sobre a qual poderia comentar com meus amigos. Mas talvez esse tempo seja uma maneira de morrer com Jesus.<\/p>\n<p>O ano [<em>sab\u00e1tico<\/em>] \u00e0 minha frente deve ser um ano de ora\u00e7\u00e3o, embora eu diga que minha ora\u00e7\u00e3o est\u00e1 t\u00e3o morta quanto uma pedra. A <em>minha<\/em> certamente est\u00e1, mas n\u00e3o a ora\u00e7\u00e3o do Esp\u00edrito em mim. Talvez tenha chegado a hora de <em>abandonar minha<\/em> ora\u00e7\u00e3o, <em>meu<\/em> esfor\u00e7o de estar pr\u00f3ximo de Deus, <em>minha<\/em> maneira de estar em comunh\u00e3o com o sagrado, e deixar o Esp\u00edrito de Deus soprar livremente mim. Paulo escreve: &#8220;V\u00f3s n\u00e3o recebestes um esp\u00edrito de escravid\u00e3o que vos reconduza ao medo; mas um Esp\u00edrito que faz de v\u00f3s filhos adotivos e pelo qual n\u00f3s clamamos: <em>Abba<\/em>, Pai. Esse Esp\u00edrito se ajunta ao nosso esp\u00edrito para atestar que somos filhos de Deus&#8221; (Rm 8.14-16).<\/p>\n<p><strong>\u2022 Henri J. M. Nouwen. &#8220;Di\u00e1rio do \u00daltimo Ano Sab\u00e1tico de Henri Nouwen&#8221;. p. 21, 22, 23.<\/strong><\/p>\n","protected":false},"excerpt":{"rendered":"<p>A ora\u00e7\u00e3o \u00e9 a ponte entre minha vida inconsciente e consciente. Ela conecta meu pensamento com meu cora\u00e7\u00e3o, minha vontade com minhas paix\u00f5es, meu c\u00e9rebro com meu est\u00f4mago. A ora\u00e7\u00e3o \u00e9 a \u00fanica via para deixar o Esp\u00edrito vivificante de Deus penetrar todos os recantos do meu ser. \u00c9 o instrumento divino de minha completude, [&hellip;]<\/p>\n","protected":false},"author":12,"featured_media":0,"comment_status":"open","ping_status":"open","sticky":false,"template":"","format":"standard","meta":{"ngg_post_thumbnail":0,"footnotes":""},"categories":[7656],"tags":[24544,124,24564],"class_list":["post-1501","post","type-post","status-publish","format-standard","hentry","category-outras-vozes","tag-henri-nouwen","tag-oracao","tag-sabatico"],"_links":{"self":[{"href":"https:\/\/ultimato.com.br\/sites\/fatosecorrelatos\/wp-json\/wp\/v2\/posts\/1501","targetHints":{"allow":["GET"]}}],"collection":[{"href":"https:\/\/ultimato.com.br\/sites\/fatosecorrelatos\/wp-json\/wp\/v2\/posts"}],"about":[{"href":"https:\/\/ultimato.com.br\/sites\/fatosecorrelatos\/wp-json\/wp\/v2\/types\/post"}],"author":[{"embeddable":true,"href":"https:\/\/ultimato.com.br\/sites\/fatosecorrelatos\/wp-json\/wp\/v2\/users\/12"}],"replies":[{"embeddable":true,"href":"https:\/\/ultimato.com.br\/sites\/fatosecorrelatos\/wp-json\/wp\/v2\/comments?post=1501"}],"version-history":[{"count":1,"href":"https:\/\/ultimato.com.br\/sites\/fatosecorrelatos\/wp-json\/wp\/v2\/posts\/1501\/revisions"}],"predecessor-version":[{"id":1502,"href":"https:\/\/ultimato.com.br\/sites\/fatosecorrelatos\/wp-json\/wp\/v2\/posts\/1501\/revisions\/1502"}],"wp:attachment":[{"href":"https:\/\/ultimato.com.br\/sites\/fatosecorrelatos\/wp-json\/wp\/v2\/media?parent=1501"}],"wp:term":[{"taxonomy":"category","embeddable":true,"href":"https:\/\/ultimato.com.br\/sites\/fatosecorrelatos\/wp-json\/wp\/v2\/categories?post=1501"},{"taxonomy":"post_tag","embeddable":true,"href":"https:\/\/ultimato.com.br\/sites\/fatosecorrelatos\/wp-json\/wp\/v2\/tags?post=1501"}],"curies":[{"name":"wp","href":"https:\/\/api.w.org\/{rel}","templated":true}]}}