{"id":1473,"date":"2016-05-31T15:51:44","date_gmt":"2016-05-31T18:51:44","guid":{"rendered":"http:\/\/ultimato.com.br\/sites\/fatosecorrelatos\/?p=1473"},"modified":"2016-05-31T15:51:44","modified_gmt":"2016-05-31T18:51:44","slug":"intimidade-com-a-solidao","status":"publish","type":"post","link":"https:\/\/ultimato.com.br\/sites\/fatosecorrelatos\/2016\/05\/31\/intimidade-com-a-solidao\/","title":{"rendered":"Intimidade com a solid\u00e3o"},"content":{"rendered":"<p>Heidegger disse que nossa rela\u00e7\u00e3o com o que est\u00e1 mais pr\u00f3ximo de n\u00f3s \u00e9 sempre confusa e sem vigor. O que \u00e9 mais pr\u00f3ximo de n\u00f3s do que a solid\u00e3o que \u00e9 a base de nosso ser? Ela est\u00e1 sempre l\u00e1. Precisamente por essa raz\u00e3o ela \u00e9 sempre ignorada, porque quando come\u00e7amos a pensar nela sentimo-nos pouco \u00e0 vontade, (&#8230;) na verdade, estamos t\u00e3o pr\u00f3ximos de n\u00f3s mesmos que n\u00e3o h\u00e1, realmente, &#8216;rela\u00e7\u00e3o&#8217; nenhuma com a base de nosso pr\u00f3prio ser. Ser\u00e1 que n\u00e3o podemos ser simplesmente n\u00f3s mesmos sem pensar nisso? Esta \u00e9 a verdadeira solid\u00e3o.<\/p>\n<p><a href=\"http:\/\/r20.rs6.net\/tn.jsp?f=001o1lKW6f7lCrvNPO4Lcz2iwfDgMV4X7z5rY1e8LYyaEpvFDa2wBWNJ0gIzQmNcqcKIG95Mia39iBG9olfBRTu4iDuwrR2UWIul9XoQ3Q4YcyjpmEW_resEmFRLmzzL5Z9nnG7kRctSVUNM3LTxxHrY9W14CSdlvTHrIri7ZXKzJ2y8ODZDzP17B7aPWZhJeaxmf7QzjA93IYyBkkkq8leMkzyQpNNJOGSQ6WvTt0ursY=&amp;c=uV-5cxTbV0YP4YiXUK1K3Hi3zyf1xhEIoYGrtoBcagfZPe3xKjrIzg==&amp;ch=dDW3RjhTLFKRu3WxrXSikJhgOhuvZk_QQ85V-4IDvYH-zJAxS47lwg==\">Amor e vida<\/a>, Thomas Merton (Martins Fontes), 1\u00aa Ed. 2004, p\u00e1g. 23<\/p>\n<p>&nbsp;<\/p>\n","protected":false},"excerpt":{"rendered":"<p>Heidegger disse que nossa rela\u00e7\u00e3o com o que est\u00e1 mais pr\u00f3ximo de n\u00f3s \u00e9 sempre confusa e sem vigor. O que \u00e9 mais pr\u00f3ximo de n\u00f3s do que a solid\u00e3o que \u00e9 a base de nosso ser? Ela est\u00e1 sempre l\u00e1. Precisamente por essa raz\u00e3o ela \u00e9 sempre ignorada, porque quando come\u00e7amos a pensar nela [&hellip;]<\/p>\n","protected":false},"author":12,"featured_media":0,"comment_status":"open","ping_status":"open","sticky":false,"template":"","format":"standard","meta":{"ngg_post_thumbnail":0,"footnotes":""},"categories":[7656],"tags":[15625,8443,15621],"class_list":["post-1473","post","type-post","status-publish","format-standard","hentry","category-outras-vozes","tag-outras-vozes-2","tag-solidao","tag-thomas-merton"],"_links":{"self":[{"href":"https:\/\/ultimato.com.br\/sites\/fatosecorrelatos\/wp-json\/wp\/v2\/posts\/1473","targetHints":{"allow":["GET"]}}],"collection":[{"href":"https:\/\/ultimato.com.br\/sites\/fatosecorrelatos\/wp-json\/wp\/v2\/posts"}],"about":[{"href":"https:\/\/ultimato.com.br\/sites\/fatosecorrelatos\/wp-json\/wp\/v2\/types\/post"}],"author":[{"embeddable":true,"href":"https:\/\/ultimato.com.br\/sites\/fatosecorrelatos\/wp-json\/wp\/v2\/users\/12"}],"replies":[{"embeddable":true,"href":"https:\/\/ultimato.com.br\/sites\/fatosecorrelatos\/wp-json\/wp\/v2\/comments?post=1473"}],"version-history":[{"count":1,"href":"https:\/\/ultimato.com.br\/sites\/fatosecorrelatos\/wp-json\/wp\/v2\/posts\/1473\/revisions"}],"predecessor-version":[{"id":1474,"href":"https:\/\/ultimato.com.br\/sites\/fatosecorrelatos\/wp-json\/wp\/v2\/posts\/1473\/revisions\/1474"}],"wp:attachment":[{"href":"https:\/\/ultimato.com.br\/sites\/fatosecorrelatos\/wp-json\/wp\/v2\/media?parent=1473"}],"wp:term":[{"taxonomy":"category","embeddable":true,"href":"https:\/\/ultimato.com.br\/sites\/fatosecorrelatos\/wp-json\/wp\/v2\/categories?post=1473"},{"taxonomy":"post_tag","embeddable":true,"href":"https:\/\/ultimato.com.br\/sites\/fatosecorrelatos\/wp-json\/wp\/v2\/tags?post=1473"}],"curies":[{"name":"wp","href":"https:\/\/api.w.org\/{rel}","templated":true}]}}