{"id":145,"date":"2010-04-06T06:55:00","date_gmt":"2010-04-06T09:55:00","guid":{"rendered":"http:\/\/ultimato.com.br\/sites\/fatosecorrelatos\/2010\/04\/06\/enquanto-caminho\/"},"modified":"2010-09-24T17:25:29","modified_gmt":"2010-09-24T20:25:29","slug":"enquanto-caminho","status":"publish","type":"post","link":"https:\/\/ultimato.com.br\/sites\/fatosecorrelatos\/2010\/04\/06\/enquanto-caminho\/","title":{"rendered":"Enquanto caminho"},"content":{"rendered":"<p><i><span class=\"Apple-style-span\" style=\"font-family: 'Trebuchet MS', sans-serif\"><span class=\"Apple-style-span\" style=\"font-size: small\">Enquanto caminho<\/span><\/span><\/i><span class=\"Apple-style-span\" style=\"font-family: 'Trebuchet MS', sans-serif\"><span class=\"Apple-style-span\" style=\"font-size: small\">, vejo mais que estradas.<\/span><\/span><br \/><span class=\"Apple-style-span\" style=\"font-family: 'Trebuchet MS', sans-serif\"><span class=\"Apple-style-span\" style=\"font-size: small\">Vejo rostos tamb\u00e9m marcados pelas cicatrizes da vida.<br \/><\/span><\/span><br \/><i><span class=\"Apple-style-span\" style=\"font-family: 'Trebuchet MS', sans-serif\"><span class=\"Apple-style-span\" style=\"font-size: small\">Enquanto caminho<\/span><\/span><\/i><span class=\"Apple-style-span\" style=\"font-family: 'Trebuchet MS', sans-serif\"><span class=\"Apple-style-span\" style=\"font-size: small\">, ou\u00e7o mais que passos.<\/span><\/span><br \/><span class=\"Apple-style-span\" style=\"font-family: 'Trebuchet MS', sans-serif\"><span class=\"Apple-style-span\" style=\"font-size: small\">Ou\u00e7o can\u00e7\u00f5es de amizade que embalam os sonhos.<\/span><\/span><br \/><i><span class=\"Apple-style-span\" style=\"font-family: 'Trebuchet MS', sans-serif\"><span class=\"Apple-style-span\" style=\"font-size: small\"><br \/>Enquanto caminho<\/span><\/span><\/i><span class=\"Apple-style-span\" style=\"font-family: 'Trebuchet MS', sans-serif\"><span class=\"Apple-style-span\" style=\"font-size: small\">, sinto mais que cansa\u00e7o.<\/span><\/span><br \/><span class=\"Apple-style-span\" style=\"font-family: 'Trebuchet MS', sans-serif\"><span class=\"Apple-style-span\" style=\"font-size: small\">Sinto alegria por ter companheiros de viagem tamb\u00e9m alegres.<\/span><\/span><br \/><i><span class=\"Apple-style-span\" style=\"font-family: 'Trebuchet MS', sans-serif\"><span class=\"Apple-style-span\" style=\"font-size: small\"><br \/>Enquanto caminho<\/span><\/span><\/i><span class=\"Apple-style-span\" style=\"font-family: 'Trebuchet MS', sans-serif\"><span class=\"Apple-style-span\" style=\"font-size: small\">, carrego mais que bagagem.<\/span><\/span><br \/><span class=\"Apple-style-span\" style=\"font-family: 'Trebuchet MS', sans-serif\"><span class=\"Apple-style-span\" style=\"font-size: small\">Carrego minha hist\u00f3ria com os outros, que vez ou outra me faz lembrar para aonde vou.<\/span><\/span><br \/><i><span class=\"Apple-style-span\" style=\"font-family: 'Trebuchet MS', sans-serif\"><span class=\"Apple-style-span\" style=\"font-size: small\"><br \/>Enquanto caminho<\/span><\/span><\/i><span class=\"Apple-style-span\" style=\"font-family: 'Trebuchet MS', sans-serif\"><span class=\"Apple-style-span\" style=\"font-size: small\">, confio em algo mais do que o mapa.<\/span><\/span><br \/><span class=\"Apple-style-span\" style=\"font-family: 'Trebuchet MS', sans-serif\"><span class=\"Apple-style-span\" style=\"font-size: small\">Confio em Deus, que transforma a dura jornada em uma volta para casa.<\/span><\/span><\/p>\n","protected":false},"excerpt":{"rendered":"<p>Enquanto caminho, vejo mais que estradas.Vejo rostos tamb\u00e9m marcados pelas cicatrizes da vida.Enquanto caminho, ou\u00e7o mais que passos.Ou\u00e7o can\u00e7\u00f5es de amizade que embalam os sonhos.Enquanto caminho, sinto mais que cansa\u00e7o.Sinto alegria por ter companheiros de viagem tamb\u00e9m alegres.Enquanto caminho, carrego mais que bagagem.Carrego minha hist\u00f3ria com os outros, que vez ou outra me faz lembrar [&hellip;]<\/p>\n","protected":false},"author":12,"featured_media":0,"comment_status":"open","ping_status":"open","sticky":false,"template":"","format":"standard","meta":{"ngg_post_thumbnail":0,"footnotes":""},"categories":[7655],"tags":[160],"class_list":["post-145","post","type-post","status-publish","format-standard","hentry","category-poesias","tag-poesia"],"_links":{"self":[{"href":"https:\/\/ultimato.com.br\/sites\/fatosecorrelatos\/wp-json\/wp\/v2\/posts\/145","targetHints":{"allow":["GET"]}}],"collection":[{"href":"https:\/\/ultimato.com.br\/sites\/fatosecorrelatos\/wp-json\/wp\/v2\/posts"}],"about":[{"href":"https:\/\/ultimato.com.br\/sites\/fatosecorrelatos\/wp-json\/wp\/v2\/types\/post"}],"author":[{"embeddable":true,"href":"https:\/\/ultimato.com.br\/sites\/fatosecorrelatos\/wp-json\/wp\/v2\/users\/12"}],"replies":[{"embeddable":true,"href":"https:\/\/ultimato.com.br\/sites\/fatosecorrelatos\/wp-json\/wp\/v2\/comments?post=145"}],"version-history":[{"count":1,"href":"https:\/\/ultimato.com.br\/sites\/fatosecorrelatos\/wp-json\/wp\/v2\/posts\/145\/revisions"}],"predecessor-version":[{"id":218,"href":"https:\/\/ultimato.com.br\/sites\/fatosecorrelatos\/wp-json\/wp\/v2\/posts\/145\/revisions\/218"}],"wp:attachment":[{"href":"https:\/\/ultimato.com.br\/sites\/fatosecorrelatos\/wp-json\/wp\/v2\/media?parent=145"}],"wp:term":[{"taxonomy":"category","embeddable":true,"href":"https:\/\/ultimato.com.br\/sites\/fatosecorrelatos\/wp-json\/wp\/v2\/categories?post=145"},{"taxonomy":"post_tag","embeddable":true,"href":"https:\/\/ultimato.com.br\/sites\/fatosecorrelatos\/wp-json\/wp\/v2\/tags?post=145"}],"curies":[{"name":"wp","href":"https:\/\/api.w.org\/{rel}","templated":true}]}}