{"id":14,"date":"2005-07-10T16:43:00","date_gmt":"2005-07-10T19:43:00","guid":{"rendered":"http:\/\/ultimato.com.br\/sites\/fatosecorrelatos\/2005\/07\/10\/espera\/"},"modified":"2010-09-24T17:26:58","modified_gmt":"2010-09-24T20:26:58","slug":"espera","status":"publish","type":"post","link":"https:\/\/ultimato.com.br\/sites\/fatosecorrelatos\/2005\/07\/10\/espera\/","title":{"rendered":"Espera"},"content":{"rendered":"<p><em>&#8220;Um velho pecador \u00e9 um tem\u00edvel e assustador espet\u00e1culo\u201d. W. Tozer<br \/><\/em><br \/>Friagem, o mar obscuro da solid\u00e3o<br \/>Guarda-se e, adormecido, fingi-se mar;<br \/>Pela poeira da estrada, segue-me o cora\u00e7\u00e3o,<br \/>A esperar por um gesto, sorriso, olhar.<\/p>\n<p>Por\u00e9m, sozinho, n\u00e3o sou um s\u00f3.<br \/>Aguardo-me s\u00ea-lo, sem tristeza,<br \/>Pela pureza perseguida, pela beleza;<br \/>Por sentir o medo dos raios de sol.<\/p>\n<p>Cora\u00e7\u00e3o meu, n\u00e3o espere por nada!<br \/>Meu universo ainda est\u00e1 confuso.<br \/>Das pedras que me maltratam, risadas;<br \/>Do futuro que me espera, absurdo.<\/p>\n<p>De todos que me esperam, tu \u00e9s o mais fiel;<br \/>De todas as minhas l\u00e1grimas, espero a reden\u00e7\u00e3o,<br \/>Mesmo que da espera, infind\u00e1vel r\u00e9u,<br \/>Venha poesia, ins\u00f4nia, solid\u00e3o.<\/p>\n<p>De todos que me suportam, tu \u00e9s o mais paciente,<br \/>Porque parece que me conheces h\u00e1 tempos;<br \/>E na confus\u00e3o do que sou, vou ou dou,<br \/>N\u00e3o esperas nada de mim, a n\u00e3o ser que eu espere em ti.<\/p>\n<p><em>07, setembro, 2004.<\/em><\/p>\n","protected":false},"excerpt":{"rendered":"<p>&#8220;Um velho pecador \u00e9 um tem\u00edvel e assustador espet\u00e1culo\u201d. W. TozerFriagem, o mar obscuro da solid\u00e3oGuarda-se e, adormecido, fingi-se mar;Pela poeira da estrada, segue-me o cora\u00e7\u00e3o,A esperar por um gesto, sorriso, olhar. Por\u00e9m, sozinho, n\u00e3o sou um s\u00f3.Aguardo-me s\u00ea-lo, sem tristeza,Pela pureza perseguida, pela beleza;Por sentir o medo dos raios de sol. Cora\u00e7\u00e3o meu, n\u00e3o [&hellip;]<\/p>\n","protected":false},"author":12,"featured_media":0,"comment_status":"open","ping_status":"open","sticky":false,"template":"","format":"standard","meta":{"ngg_post_thumbnail":0,"footnotes":""},"categories":[7655],"tags":[5566,160],"class_list":["post-14","post","type-post","status-publish","format-standard","hentry","category-poesias","tag-frases","tag-poesia"],"_links":{"self":[{"href":"https:\/\/ultimato.com.br\/sites\/fatosecorrelatos\/wp-json\/wp\/v2\/posts\/14","targetHints":{"allow":["GET"]}}],"collection":[{"href":"https:\/\/ultimato.com.br\/sites\/fatosecorrelatos\/wp-json\/wp\/v2\/posts"}],"about":[{"href":"https:\/\/ultimato.com.br\/sites\/fatosecorrelatos\/wp-json\/wp\/v2\/types\/post"}],"author":[{"embeddable":true,"href":"https:\/\/ultimato.com.br\/sites\/fatosecorrelatos\/wp-json\/wp\/v2\/users\/12"}],"replies":[{"embeddable":true,"href":"https:\/\/ultimato.com.br\/sites\/fatosecorrelatos\/wp-json\/wp\/v2\/comments?post=14"}],"version-history":[{"count":2,"href":"https:\/\/ultimato.com.br\/sites\/fatosecorrelatos\/wp-json\/wp\/v2\/posts\/14\/revisions"}],"predecessor-version":[{"id":234,"href":"https:\/\/ultimato.com.br\/sites\/fatosecorrelatos\/wp-json\/wp\/v2\/posts\/14\/revisions\/234"}],"wp:attachment":[{"href":"https:\/\/ultimato.com.br\/sites\/fatosecorrelatos\/wp-json\/wp\/v2\/media?parent=14"}],"wp:term":[{"taxonomy":"category","embeddable":true,"href":"https:\/\/ultimato.com.br\/sites\/fatosecorrelatos\/wp-json\/wp\/v2\/categories?post=14"},{"taxonomy":"post_tag","embeddable":true,"href":"https:\/\/ultimato.com.br\/sites\/fatosecorrelatos\/wp-json\/wp\/v2\/tags?post=14"}],"curies":[{"name":"wp","href":"https:\/\/api.w.org\/{rel}","templated":true}]}}