{"id":1397,"date":"2016-01-15T16:52:18","date_gmt":"2016-01-15T19:52:18","guid":{"rendered":"http:\/\/ultimato.com.br\/sites\/fatosecorrelatos\/?p=1397"},"modified":"2016-01-16T06:53:42","modified_gmt":"2016-01-16T09:53:42","slug":"dia-exato-do-nascimento","status":"publish","type":"post","link":"https:\/\/ultimato.com.br\/sites\/fatosecorrelatos\/2016\/01\/15\/dia-exato-do-nascimento\/","title":{"rendered":"Dia exato do nascimento"},"content":{"rendered":"<p style=\"text-align: left;\">Volto \u00e0s palavras para registrar a exist\u00eancia no dia exato que em que a vida imprimiu em mim os contornos de quem sou.<\/p>\n<div><\/div>\n<p>Chego aos 37 anos ainda ignorante, mas um pouco mais consciente disso. Talvez s\u00f3 na teoria, mas j\u00e1 \u00e9 alguma coisa, n\u00e9?<\/p>\n<div><\/div>\n<p>Em meio a coisas concretas (meu filho dormindo, um beijo de minha esposa, um carinho dos meus pais, o perd\u00e3o de Deus), me vejo envolto na tenta\u00e7\u00e3o de viver ref\u00e9m do abstrato. Demancha no ar a imagem que desenhei de mim mesmo. Desmancha no ar a reputa\u00e7\u00e3o, as palavras moralistas, a sensa\u00e7\u00e3o de ser expert em alguma coisa ou mesmo a ilus\u00e3o da autossuficiencia.<\/p>\n<div><\/div>\n<p>Sobra muito pouco, se n\u00e3o enxergo a vida como ela \u00e9.<\/p>\n<div><\/div>\n<p>Mas isso n\u00e3o significa descrer que ela &#8211; a vida &#8211; pode ser mais do que \u00e9 (ou menos, se isso for para melhor). Ainda tenho f\u00e9. E agrade\u00e7o a Deus por est\u00e1 d\u00e1diva. Ele que \u00e9 &#8220;galardoador daqueles que o temem&#8221;, me sustenta nas pontas dos seus dedos, quando eu sei que n\u00e3o consigo nem permanecer em p\u00e9 por um segundo.<\/p>\n<div><\/div>\n<p>Neste dia do meu anivers\u00e1rio, s\u00f3 me resta celebrar a vida &#8212; n\u00e3o a minha simplesmente, mas todas, porque \u00e9 a exist\u00eancia, por si s\u00f3, que me faz ver um pouco melhor a minha pr\u00f3pria vida.<\/p>\n<div><\/div>\n<p>E se posso pedir algum presente, que seja a capacidade de agradecer. N\u00e3o \u00e9 t\u00e3o f\u00e1cil como parece. Exige contentamento, clareza, simplicidade. Exige, acima de tudo, relacionamento com aquele que \u00e9 a bondade em pessoa.<\/p>\n<div><\/div>\n<p style=\"text-align: left;\">A Ele, o Bom Pastor, agrade\u00e7o a vida, e todas as surpresas que isso envolve.<\/p>\n","protected":false},"excerpt":{"rendered":"<p>Volto \u00e0s palavras para registrar a exist\u00eancia no dia exato que em que a vida imprimiu em mim os contornos de quem sou. Chego aos 37 anos ainda ignorante, mas um pouco mais consciente disso. Talvez s\u00f3 na teoria, mas j\u00e1 \u00e9 alguma coisa, n\u00e9? Em meio a coisas concretas (meu filho dormindo, um beijo [&hellip;]<\/p>\n","protected":false},"author":12,"featured_media":0,"comment_status":"open","ping_status":"open","sticky":false,"template":"","format":"standard","meta":{"ngg_post_thumbnail":0,"footnotes":""},"categories":[114],"tags":[6048,6095],"class_list":["post-1397","post","type-post","status-publish","format-standard","hentry","category-artigos","tag-tempo","tag-vida"],"_links":{"self":[{"href":"https:\/\/ultimato.com.br\/sites\/fatosecorrelatos\/wp-json\/wp\/v2\/posts\/1397","targetHints":{"allow":["GET"]}}],"collection":[{"href":"https:\/\/ultimato.com.br\/sites\/fatosecorrelatos\/wp-json\/wp\/v2\/posts"}],"about":[{"href":"https:\/\/ultimato.com.br\/sites\/fatosecorrelatos\/wp-json\/wp\/v2\/types\/post"}],"author":[{"embeddable":true,"href":"https:\/\/ultimato.com.br\/sites\/fatosecorrelatos\/wp-json\/wp\/v2\/users\/12"}],"replies":[{"embeddable":true,"href":"https:\/\/ultimato.com.br\/sites\/fatosecorrelatos\/wp-json\/wp\/v2\/comments?post=1397"}],"version-history":[{"count":4,"href":"https:\/\/ultimato.com.br\/sites\/fatosecorrelatos\/wp-json\/wp\/v2\/posts\/1397\/revisions"}],"predecessor-version":[{"id":1401,"href":"https:\/\/ultimato.com.br\/sites\/fatosecorrelatos\/wp-json\/wp\/v2\/posts\/1397\/revisions\/1401"}],"wp:attachment":[{"href":"https:\/\/ultimato.com.br\/sites\/fatosecorrelatos\/wp-json\/wp\/v2\/media?parent=1397"}],"wp:term":[{"taxonomy":"category","embeddable":true,"href":"https:\/\/ultimato.com.br\/sites\/fatosecorrelatos\/wp-json\/wp\/v2\/categories?post=1397"},{"taxonomy":"post_tag","embeddable":true,"href":"https:\/\/ultimato.com.br\/sites\/fatosecorrelatos\/wp-json\/wp\/v2\/tags?post=1397"}],"curies":[{"name":"wp","href":"https:\/\/api.w.org\/{rel}","templated":true}]}}