{"id":139,"date":"2010-02-27T18:55:00","date_gmt":"2010-02-27T21:55:00","guid":{"rendered":"http:\/\/ultimato.com.br\/sites\/fatosecorrelatos\/2010\/02\/27\/a-maldicao-do-viajante-sem-casa\/"},"modified":"2010-09-27T15:00:59","modified_gmt":"2010-09-27T18:00:59","slug":"a-maldicao-do-viajante-sem-casa","status":"publish","type":"post","link":"https:\/\/ultimato.com.br\/sites\/fatosecorrelatos\/2010\/02\/27\/a-maldicao-do-viajante-sem-casa\/","title":{"rendered":"A maldi\u00e7\u00e3o do viajante sem casa"},"content":{"rendered":"<div class=\"separator\" style=\"clear: both;text-align: center\"><a href=\"http:\/\/4.bp.blogspot.com\/_oPpAxASUdJ8\/S4mUrmZ2atI\/AAAAAAAAATA\/mH39pCv2hrk\/s1600-h\/mochileiro.jpg\" class=\"lightview\" data-lightview-group=\"group-139\" data-lightview-options=\"skin: 'dark', controls: 'relative', padding: '10', shadow: { color: '#000000', opacity: 0.08, blur: 3 }\"><img loading=\"lazy\" decoding=\"async\" border=\"0\" height=\"200\" src=\"http:\/\/4.bp.blogspot.com\/_oPpAxASUdJ8\/S4mUrmZ2atI\/AAAAAAAAATA\/mH39pCv2hrk\/s200\/mochileiro.jpg\" width=\"200\" \/><\/a><\/div>\n<div class=\"MsoNormal\"><span class=\"Apple-style-span\" style=\"font-family: 'Trebuchet MS', sans-serif\"><span class=\"Apple-style-span\" style=\"font-size: small\">N\u00e3o \u00e9 natural sair de casa. Exatamente a segunda metade dos anos de minha vida est\u00e3o sendo vividos fora da casa de meus pais, o lugar onde dei os primeiros passos e senti os primeiros sentimentos. A gente desacostuma dos detalhes, e lembrar do que ainda \u00e9 \u201cnosso\u201d torna-se quase uma dor.<\/span><\/span><\/div>\n<div class=\"MsoNormal\"><span class=\"Apple-style-span\" style=\"font-family: 'Trebuchet MS', sans-serif\"><span class=\"Apple-style-span\" style=\"font-size: small\"><br \/><\/span><\/span><\/div>\n<div class=\"MsoNormal\"><span class=\"Apple-style-span\" style=\"font-family: 'Trebuchet MS', sans-serif\"><span class=\"Apple-style-span\" style=\"font-size: small\">O maior consolo de quem sai \u00e9 ter a esperan\u00e7a de poder voltar, mesmo que seja apenas para visitas. Da mesma forma, a maior trag\u00e9dia \u00e9 n\u00e3o saber para onde voltar.<\/span><\/span><\/div>\n<div class=\"MsoNormal\"><span class=\"Apple-style-span\" style=\"font-family: 'Trebuchet MS', sans-serif\"><span class=\"Apple-style-span\" style=\"font-size: small\"><br \/><\/span><\/span><\/div>\n<div class=\"MsoNormal\"><span class=\"Apple-style-span\" style=\"font-family: 'Trebuchet MS', sans-serif\"><span class=\"Apple-style-span\" style=\"font-size: small\">Um amigo meu, ferido por grandes derrotas em sua vida matrimonial, disse recentemente que voltou para a cidade porque \u201cpara recome\u00e7ar a vida \u00e9 preciso voltar ao in\u00edcio\u201d. A maldi\u00e7\u00e3o reside exatamente na realidade do <\/span><\/span><i><span class=\"Apple-style-span\" style=\"font-family: 'Trebuchet MS', sans-serif\"><span class=\"Apple-style-span\" style=\"font-size: small\">viajante sem casa<\/span><\/span><\/i><span class=\"Apple-style-span\" style=\"font-family: 'Trebuchet MS', sans-serif\"><span class=\"Apple-style-span\" style=\"font-size: small\">. Ele gosta de aventuras, descobre novos lugares e novas pessoas, aprende culturas interessantes e outras l\u00ednguas, mas de tanto ir, vai perdendo o caminho de volta.<\/span><\/span><\/div>\n<div class=\"MsoNormal\"><span class=\"Apple-style-span\" style=\"font-family: 'Trebuchet MS', sans-serif\"><span class=\"Apple-style-span\" style=\"font-size: small\"><br \/><\/span><\/span><\/div>\n<div class=\"MsoNormal\"><span class=\"Apple-style-span\" style=\"font-family: 'Trebuchet MS', sans-serif\"><span class=\"Apple-style-span\" style=\"font-size: small\">Conhecer o mundo n\u00e3o \u00e9 suficiente. \u00c9 preciso lembrar sempre o caminho de casa. E quando o esquecemos, nos perdemos na imensid\u00e3o da vida, assim como quando um banista se afoga na for\u00e7a bravia do mar, outrora belo, mas agora perigoso. Desesperadamente projetamos, ent\u00e3o, o \u201ccaminho de casa\u201d em tudo que achamos leg\u00edtimo.<\/span><\/span><\/div>\n<div class=\"MsoNormal\"><span class=\"Apple-style-span\" style=\"font-family: 'Trebuchet MS', sans-serif\"><span class=\"Apple-style-span\" style=\"font-size: small\"><br \/><\/span><\/span><\/div>\n<div class=\"MsoNormal\"><span class=\"Apple-style-span\" style=\"font-family: 'Trebuchet MS', sans-serif\"><span class=\"Apple-style-span\" style=\"font-size: small\">Eis um drama atual. O homem contempor\u00e2neo n\u00e3o sabe mais o caminho de casa. E agoniza entre as infinitas possibilidades.<\/span><\/span><\/div>\n<div class=\"MsoNormal\"><span class=\"Apple-style-span\" style=\"font-family: 'Trebuchet MS', sans-serif\"><span class=\"Apple-style-span\" style=\"font-size: small\"><br \/><\/span><\/span><\/div>\n<div class=\"MsoNormal\"><span class=\"Apple-style-span\" style=\"font-family: 'Trebuchet MS', sans-serif\"><span class=\"Apple-style-span\" style=\"font-size: small\">No entanto, a promessa de Deus \u00e9 dar o seu reino aos que se reconhecem pobres de esp\u00edrito (Mt 5.3). Contra a maldi\u00e7\u00e3o do <\/span><\/span><i><span class=\"Apple-style-span\" style=\"font-family: 'Trebuchet MS', sans-serif\"><span class=\"Apple-style-span\" style=\"font-size: small\">viajante sem casa<\/span><\/span><\/i><span class=\"Apple-style-span\" style=\"font-family: 'Trebuchet MS', sans-serif\"><span class=\"Apple-style-span\" style=\"font-size: small\">, Deus concede <\/span><\/span><b><span class=\"Apple-style-span\" style=\"font-family: 'Trebuchet MS', sans-serif\"><span class=\"Apple-style-span\" style=\"font-size: small\">pertencimento<\/span><\/span><\/b><span class=\"Apple-style-span\" style=\"font-family: 'Trebuchet MS', sans-serif\"><span class=\"Apple-style-span\" style=\"font-size: small\">, um lar. Contra a confus\u00e3o moderna dos caminhos sem volta, ele diz: \u201co reino \u00e9 seu\u201d. Eis uma ben\u00e7\u00e3o indescrit\u00edvel.<\/span><\/span><\/div>\n<div class=\"MsoNormal\"><span class=\"Apple-style-span\" style=\"font-family: 'Trebuchet MS', sans-serif\"><span class=\"Apple-style-span\" style=\"font-size: small\"><br \/><\/span><\/span><\/div>\n<div class=\"MsoNormal\"><span class=\"Apple-style-span\" style=\"font-family: 'Trebuchet MS', sans-serif\"><span class=\"Apple-style-span\" style=\"font-size: small\">O que fazer ent\u00e3o? Enxergarmos toda a mis\u00e9ria que h\u00e1 dentro de n\u00f3s. D\u00f3i, mas \u00e9 necess\u00e1rio. Diante do desespero, baixe as armas e entregue-se \u00e0quele para o qual seu cora\u00e7\u00e3o pulsa. N\u00e3o ser\u00e1 surpresa mais a frente perceber que voc\u00ea, na verdade, est\u00e1 voltando para casa.<\/span><\/span><\/div>\n","protected":false},"excerpt":{"rendered":"<p>N\u00e3o \u00e9 natural sair de casa. Exatamente a segunda metade dos anos de minha vida est\u00e3o sendo vividos fora da casa de meus pais, o lugar onde dei os primeiros passos e senti os primeiros sentimentos. A gente desacostuma dos detalhes, e lembrar do que ainda \u00e9 \u201cnosso\u201d torna-se quase uma dor. O maior consolo [&hellip;]<\/p>\n","protected":false},"author":12,"featured_media":0,"comment_status":"open","ping_status":"open","sticky":false,"template":"","format":"standard","meta":{"ngg_post_thumbnail":0,"footnotes":""},"categories":[114,7647],"tags":[24538],"class_list":["post-139","post","type-post","status-publish","format-standard","hentry","category-artigos","category-series","tag-series"],"_links":{"self":[{"href":"https:\/\/ultimato.com.br\/sites\/fatosecorrelatos\/wp-json\/wp\/v2\/posts\/139","targetHints":{"allow":["GET"]}}],"collection":[{"href":"https:\/\/ultimato.com.br\/sites\/fatosecorrelatos\/wp-json\/wp\/v2\/posts"}],"about":[{"href":"https:\/\/ultimato.com.br\/sites\/fatosecorrelatos\/wp-json\/wp\/v2\/types\/post"}],"author":[{"embeddable":true,"href":"https:\/\/ultimato.com.br\/sites\/fatosecorrelatos\/wp-json\/wp\/v2\/users\/12"}],"replies":[{"embeddable":true,"href":"https:\/\/ultimato.com.br\/sites\/fatosecorrelatos\/wp-json\/wp\/v2\/comments?post=139"}],"version-history":[{"count":2,"href":"https:\/\/ultimato.com.br\/sites\/fatosecorrelatos\/wp-json\/wp\/v2\/posts\/139\/revisions"}],"predecessor-version":[{"id":377,"href":"https:\/\/ultimato.com.br\/sites\/fatosecorrelatos\/wp-json\/wp\/v2\/posts\/139\/revisions\/377"}],"wp:attachment":[{"href":"https:\/\/ultimato.com.br\/sites\/fatosecorrelatos\/wp-json\/wp\/v2\/media?parent=139"}],"wp:term":[{"taxonomy":"category","embeddable":true,"href":"https:\/\/ultimato.com.br\/sites\/fatosecorrelatos\/wp-json\/wp\/v2\/categories?post=139"},{"taxonomy":"post_tag","embeddable":true,"href":"https:\/\/ultimato.com.br\/sites\/fatosecorrelatos\/wp-json\/wp\/v2\/tags?post=139"}],"curies":[{"name":"wp","href":"https:\/\/api.w.org\/{rel}","templated":true}]}}