{"id":1386,"date":"2015-12-18T09:20:34","date_gmt":"2015-12-18T12:20:34","guid":{"rendered":"http:\/\/ultimato.com.br\/sites\/fatosecorrelatos\/?p=1386"},"modified":"2015-12-18T09:23:30","modified_gmt":"2015-12-18T12:23:30","slug":"a-cura-e-uma-resposta-suficiente","status":"publish","type":"post","link":"https:\/\/ultimato.com.br\/sites\/fatosecorrelatos\/2015\/12\/18\/a-cura-e-uma-resposta-suficiente\/","title":{"rendered":"A cura \u00e9 uma resposta suficiente"},"content":{"rendered":"<p>A cura \u00e9 uma resposta a uma crise na vida de outra pessoa. \u00c9 uma resposta suficiente, uma resposta satisfat\u00f3ria a uma crise na vida de outrem. E sempre que a palavra crise \u00e9 usada no Novo Testamento grego, \u00e9 traduzida em ingl\u00eas por <em>ju\u00edzo<\/em> ou <em>julgamento<\/em>. Exatamente isso &#8211; <em>ju\u00edzo<\/em>. A cura \u00e9 uma resposta que eu dou a um momento decisivo na vida de um irm\u00e3o ou irm\u00e3; quer eu responda, quer n\u00e3o, eu exerci um ju\u00edzo.<\/p>\n<p>A cura passa a ser a oportunidade de transmitir a outro ser humano o que recebi do Senhor Jesus; a saber, sua aceita\u00e7\u00e3o incondicional de mim como sou, n\u00e3o como deveria ser. Ele me ama, seja em estado de gra\u00e7a, seja de desgra\u00e7a, quer eu viva de acordo com as expectativas elevadas de seu evangelho, quer n\u00e3o. Ele vem a mim onde eu vivo e ama-me como sou.<\/p>\n<p>(&#8230;)<\/p>\n<p>Quando uma pessoa \u00e9 despertada para aquilo que ela \u00e9 e n\u00e3o para aquilo que ela deixou de ser, o resultado mais frequente ser\u00e1 a cura interior de seu cora\u00e7\u00e3o por meio do toque da afirma\u00e7\u00e3o.<\/p>\n<blockquote><p>Finalmente, irm\u00e3os, tudo o que for<br \/>\nverdadeiro, tudo o que for nobre,<br \/>\ntudo o que for correto, tudo o que for puro,<br \/>\ntudo o que for am\u00e1vel, tudo o que for<br \/>\nde boa fama, se houver algo excelente<br \/>\nou digno de louvor, pensem nessas coisas.<br \/>\nFilipenses 4.8<\/p><\/blockquote>\n<p><strong>&#8212; Brennan Manning. <em>O Anseio Furioso de Deus<\/em>. Editora Mundo Crist\u00e3o.<\/strong><\/p>\n<p>&nbsp;<\/p>\n","protected":false},"excerpt":{"rendered":"<p>A cura \u00e9 uma resposta a uma crise na vida de outra pessoa. \u00c9 uma resposta suficiente, uma resposta satisfat\u00f3ria a uma crise na vida de outrem. E sempre que a palavra crise \u00e9 usada no Novo Testamento grego, \u00e9 traduzida em ingl\u00eas por ju\u00edzo ou julgamento. Exatamente isso &#8211; ju\u00edzo. A cura \u00e9 uma [&hellip;]<\/p>\n","protected":false},"author":12,"featured_media":0,"comment_status":"open","ping_status":"open","sticky":false,"template":"","format":"standard","meta":{"ngg_post_thumbnail":0,"footnotes":""},"categories":[7656],"tags":[16990,5421,15625],"class_list":["post-1386","post","type-post","status-publish","format-standard","hentry","category-outras-vozes","tag-brennan-manning","tag-cura","tag-outras-vozes-2"],"_links":{"self":[{"href":"https:\/\/ultimato.com.br\/sites\/fatosecorrelatos\/wp-json\/wp\/v2\/posts\/1386","targetHints":{"allow":["GET"]}}],"collection":[{"href":"https:\/\/ultimato.com.br\/sites\/fatosecorrelatos\/wp-json\/wp\/v2\/posts"}],"about":[{"href":"https:\/\/ultimato.com.br\/sites\/fatosecorrelatos\/wp-json\/wp\/v2\/types\/post"}],"author":[{"embeddable":true,"href":"https:\/\/ultimato.com.br\/sites\/fatosecorrelatos\/wp-json\/wp\/v2\/users\/12"}],"replies":[{"embeddable":true,"href":"https:\/\/ultimato.com.br\/sites\/fatosecorrelatos\/wp-json\/wp\/v2\/comments?post=1386"}],"version-history":[{"count":4,"href":"https:\/\/ultimato.com.br\/sites\/fatosecorrelatos\/wp-json\/wp\/v2\/posts\/1386\/revisions"}],"predecessor-version":[{"id":1390,"href":"https:\/\/ultimato.com.br\/sites\/fatosecorrelatos\/wp-json\/wp\/v2\/posts\/1386\/revisions\/1390"}],"wp:attachment":[{"href":"https:\/\/ultimato.com.br\/sites\/fatosecorrelatos\/wp-json\/wp\/v2\/media?parent=1386"}],"wp:term":[{"taxonomy":"category","embeddable":true,"href":"https:\/\/ultimato.com.br\/sites\/fatosecorrelatos\/wp-json\/wp\/v2\/categories?post=1386"},{"taxonomy":"post_tag","embeddable":true,"href":"https:\/\/ultimato.com.br\/sites\/fatosecorrelatos\/wp-json\/wp\/v2\/tags?post=1386"}],"curies":[{"name":"wp","href":"https:\/\/api.w.org\/{rel}","templated":true}]}}