{"id":136,"date":"2010-01-31T15:07:00","date_gmt":"2010-01-31T18:07:00","guid":{"rendered":"http:\/\/ultimato.com.br\/sites\/fatosecorrelatos\/2010\/01\/31\/re-de-mim\/"},"modified":"2010-09-24T17:25:29","modified_gmt":"2010-09-24T20:25:29","slug":"re-de-mim","status":"publish","type":"post","link":"https:\/\/ultimato.com.br\/sites\/fatosecorrelatos\/2010\/01\/31\/re-de-mim\/","title":{"rendered":"Re-de-mim"},"content":{"rendered":"<p>Impregna-me de ti<br \/>Eu, minh`alma e meus livros.<\/p>\n<p>Faze-me horizonte<br \/>Onde a aurora adormece.<\/p>\n<p>Torna-me canto, profecia<br \/>E alento para o desespero.<\/p>\n<p>Tempestade que adentra,<br \/>Sil\u00eancio, \u00e1rido cora\u00e7\u00e3o.<\/p>\n<p>Em renovo, sou de novo,<br \/>Menos eu, mais vida.<\/p>\n<p>Por entre os dedos,<br \/>feridos,<br \/>De quem \u00c9.<\/p>\n","protected":false},"excerpt":{"rendered":"<p>Impregna-me de tiEu, minh`alma e meus livros. Faze-me horizonteOnde a aurora adormece. Torna-me canto, profeciaE alento para o desespero. Tempestade que adentra,Sil\u00eancio, \u00e1rido cora\u00e7\u00e3o. Em renovo, sou de novo,Menos eu, mais vida. Por entre os dedos,feridos,De quem \u00c9.<\/p>\n","protected":false},"author":12,"featured_media":0,"comment_status":"open","ping_status":"open","sticky":false,"template":"","format":"standard","meta":{"ngg_post_thumbnail":0,"footnotes":""},"categories":[7655],"tags":[160],"class_list":["post-136","post","type-post","status-publish","format-standard","hentry","category-poesias","tag-poesia"],"_links":{"self":[{"href":"https:\/\/ultimato.com.br\/sites\/fatosecorrelatos\/wp-json\/wp\/v2\/posts\/136","targetHints":{"allow":["GET"]}}],"collection":[{"href":"https:\/\/ultimato.com.br\/sites\/fatosecorrelatos\/wp-json\/wp\/v2\/posts"}],"about":[{"href":"https:\/\/ultimato.com.br\/sites\/fatosecorrelatos\/wp-json\/wp\/v2\/types\/post"}],"author":[{"embeddable":true,"href":"https:\/\/ultimato.com.br\/sites\/fatosecorrelatos\/wp-json\/wp\/v2\/users\/12"}],"replies":[{"embeddable":true,"href":"https:\/\/ultimato.com.br\/sites\/fatosecorrelatos\/wp-json\/wp\/v2\/comments?post=136"}],"version-history":[{"count":1,"href":"https:\/\/ultimato.com.br\/sites\/fatosecorrelatos\/wp-json\/wp\/v2\/posts\/136\/revisions"}],"predecessor-version":[{"id":219,"href":"https:\/\/ultimato.com.br\/sites\/fatosecorrelatos\/wp-json\/wp\/v2\/posts\/136\/revisions\/219"}],"wp:attachment":[{"href":"https:\/\/ultimato.com.br\/sites\/fatosecorrelatos\/wp-json\/wp\/v2\/media?parent=136"}],"wp:term":[{"taxonomy":"category","embeddable":true,"href":"https:\/\/ultimato.com.br\/sites\/fatosecorrelatos\/wp-json\/wp\/v2\/categories?post=136"},{"taxonomy":"post_tag","embeddable":true,"href":"https:\/\/ultimato.com.br\/sites\/fatosecorrelatos\/wp-json\/wp\/v2\/tags?post=136"}],"curies":[{"name":"wp","href":"https:\/\/api.w.org\/{rel}","templated":true}]}}