{"id":135,"date":"2009-12-30T19:55:00","date_gmt":"2009-12-30T22:55:00","guid":{"rendered":"http:\/\/ultimato.com.br\/sites\/fatosecorrelatos\/2009\/12\/30\/as-batalhas-da-vida\/"},"modified":"2010-09-25T18:43:44","modified_gmt":"2010-09-25T21:43:44","slug":"as-batalhas-da-vida","status":"publish","type":"post","link":"https:\/\/ultimato.com.br\/sites\/fatosecorrelatos\/2009\/12\/30\/as-batalhas-da-vida\/","title":{"rendered":"As batalhas da vida"},"content":{"rendered":"<div class=\"separator\" style=\"clear: both;text-align: center\"><a href=\"http:\/\/2.bp.blogspot.com\/_oPpAxASUdJ8\/SzvYCC44dcI\/AAAAAAAAALk\/fWyaeIyxeWg\/s1600-h\/pizdaus_plantinha_muro1.jpg\" class=\"lightview\" data-lightview-group=\"group-135\" data-lightview-options=\"skin: 'dark', controls: 'relative', padding: '10', shadow: { color: '#000000', opacity: 0.08, blur: 3 }\"><img decoding=\"async\" border=\"0\" src=\"http:\/\/2.bp.blogspot.com\/_oPpAxASUdJ8\/SzvYCC44dcI\/AAAAAAAAALk\/fWyaeIyxeWg\/s200\/pizdaus_plantinha_muro1.jpg\" \/><\/a><\/div>\n<p>Domingo&nbsp;fui testemunha de um marco hist\u00f3rico em Caet\u00e9 (MG): seu Raimundo e dona Dulce&nbsp;completaram 50 anos de casamento. Eu os havia conhecido no dia anterior.&nbsp;Sorrindo, ele n\u00e3o descartou as dificuldades da conviv\u00eancia a dois. Fico imaginando quantas lutas este casal n\u00e3o enfrentou durante 5 d\u00e9cadas para sustentar a fam\u00edlia e manter o relacionamento conjugal!<\/p>\n<p>Neste natal, reunimos integrantes de nossas&nbsp;fam\u00edlias (a minha e a da minha esposa). Foi um tempo aben\u00e7oado, de alegria. Mas n\u00e3o pude deixar de perceber o esfor\u00e7o geral para n\u00e3o sucumbirmos aos pontos de tens\u00e3o existentes. Foi preciso muita ora\u00e7\u00e3o e paci\u00eancia para mantermos a comunh\u00e3o.<\/p>\n<p>Nestes \u00faltimos dias, tem chovido constantemente em Minas. As manchetes de jornal contam o drama de quem mora em \u00e1reas de risco e sofre com o preju\u00edzo dos alagamentos. Enquanto isso, vemos a luta dos ambientalistas para salvar o planeta.<\/p>\n<p>Na segunda-feira, visitei uma igreja batista em Sabar\u00e1 (MG). Pude ver o esfor\u00e7o do pastor local para mobilizar igrejas e governantes, desenvolver projetos de responsabilidade social, e pregar o Evangelho de Cristo.<\/p>\n<p>Estes s\u00e3o alguns exemplos (entre milh\u00f5es) de que a vida \u00e9 realmente uma batalha. Todos os dias. Talvez seja por isso que precisamos de uma linha imagin\u00e1ria do in\u00edcio e do fim de um tempo que nos ajude a respirar um pouco, a descansarmos da caminhada. Findamos 2009, come\u00e7amos 2010, com o sentimento de que algo novo est\u00e1 por vir.<\/p>\n<p>Enquanto leio o livro <a href=\"http:\/\/ultimato.com.br\/blogs\/surpreendido-esperanca\/\">Surpreendido pela Esperan\u00e7a<\/a> (N. T. Wright), me dou conta de que o futuro que nos espera ser\u00e1 fundamentalmente&nbsp;uma reden\u00e7\u00e3o de todo o esfor\u00e7o gasto nas batalhas da vida presente. De todas elas, das menores \u00e0s maiores, das cotidianas \u00e0s c\u00f3smicas. Segundo o autor, seremos&nbsp;uma <em>nova cria\u00e7\u00e3o<\/em>, j\u00e1 antecipada pela ressurrei\u00e7\u00e3o de Cristo:<br \/><em>&#8220;A ressurrei\u00e7\u00e3o n\u00e3o \u00e9 um evento absurdo, mas o s\u00edmbolo e o ponto de partida para o novo mundo. A proposta oferecida pelo cristianismo possui essa magnitude: Jesus de Nazar\u00e9 n\u00e3o \u00e9 simplesmente uma nova religi\u00e3o, ou uma nova \u00e9tica, ou um novo caminho de salva\u00e7\u00e3o. Trata-se de uma nova cria\u00e7\u00e3o&#8221;. <\/em>(p. 82, 83)<\/p>\n<p>Sinceramente, acredito muito nisso. N\u00e3o espero o c\u00e9u como escapismo (apesar de saber que, segundo Jesus, ainda teremos muitas dores), mas aguardo confiantemente o pr\u00f3ximo evento decisivo de Cristo:&nbsp;sua segunda vinda para tornar novas todas as coisas. E esta renova\u00e7\u00e3o santa e definitiva dar\u00e1 o sentido pleno a tudo que fazemos hoje em favor do reino de Deus. Cada ato, cada sentimento, cada convic\u00e7\u00e3o, cada atitude de entrega, cada batalha. Tudo isso ser\u00e1 visto em sua plenitude, sem a presen\u00e7a do pecado.<\/p>\n<p>Minha ora\u00e7\u00e3o para 2010 \u00e9 que a esperan\u00e7a crist\u00e3, de fato, nos surpreenda e lance luz \u00e0s batalhas da vida hoje.<\/p>\n","protected":false},"excerpt":{"rendered":"<p>Domingo&nbsp;fui testemunha de um marco hist\u00f3rico em Caet\u00e9 (MG): seu Raimundo e dona Dulce&nbsp;completaram 50 anos de casamento. Eu os havia conhecido no dia anterior.&nbsp;Sorrindo, ele n\u00e3o descartou as dificuldades da conviv\u00eancia a dois. Fico imaginando quantas lutas este casal n\u00e3o enfrentou durante 5 d\u00e9cadas para sustentar a fam\u00edlia e manter o relacionamento conjugal! Neste [&hellip;]<\/p>\n","protected":false},"author":12,"featured_media":0,"comment_status":"open","ping_status":"open","sticky":false,"template":"","format":"standard","meta":{"ngg_post_thumbnail":0,"footnotes":""},"categories":[7654],"tags":[5506],"class_list":["post-135","post","type-post","status-publish","format-standard","hentry","category-cronicas","tag-esperanca"],"_links":{"self":[{"href":"https:\/\/ultimato.com.br\/sites\/fatosecorrelatos\/wp-json\/wp\/v2\/posts\/135","targetHints":{"allow":["GET"]}}],"collection":[{"href":"https:\/\/ultimato.com.br\/sites\/fatosecorrelatos\/wp-json\/wp\/v2\/posts"}],"about":[{"href":"https:\/\/ultimato.com.br\/sites\/fatosecorrelatos\/wp-json\/wp\/v2\/types\/post"}],"author":[{"embeddable":true,"href":"https:\/\/ultimato.com.br\/sites\/fatosecorrelatos\/wp-json\/wp\/v2\/users\/12"}],"replies":[{"embeddable":true,"href":"https:\/\/ultimato.com.br\/sites\/fatosecorrelatos\/wp-json\/wp\/v2\/comments?post=135"}],"version-history":[{"count":1,"href":"https:\/\/ultimato.com.br\/sites\/fatosecorrelatos\/wp-json\/wp\/v2\/posts\/135\/revisions"}],"predecessor-version":[{"id":257,"href":"https:\/\/ultimato.com.br\/sites\/fatosecorrelatos\/wp-json\/wp\/v2\/posts\/135\/revisions\/257"}],"wp:attachment":[{"href":"https:\/\/ultimato.com.br\/sites\/fatosecorrelatos\/wp-json\/wp\/v2\/media?parent=135"}],"wp:term":[{"taxonomy":"category","embeddable":true,"href":"https:\/\/ultimato.com.br\/sites\/fatosecorrelatos\/wp-json\/wp\/v2\/categories?post=135"},{"taxonomy":"post_tag","embeddable":true,"href":"https:\/\/ultimato.com.br\/sites\/fatosecorrelatos\/wp-json\/wp\/v2\/tags?post=135"}],"curies":[{"name":"wp","href":"https:\/\/api.w.org\/{rel}","templated":true}]}}