{"id":131,"date":"2009-11-07T13:05:00","date_gmt":"2009-11-07T16:05:00","guid":{"rendered":"http:\/\/ultimato.com.br\/sites\/fatosecorrelatos\/2009\/11\/07\/como-lidar-com-o-mundo-a-carne-e-o-diabo\/"},"modified":"2010-09-25T18:44:57","modified_gmt":"2010-09-25T21:44:57","slug":"como-lidar-com-o-mundo-a-carne-e-o-diabo","status":"publish","type":"post","link":"https:\/\/ultimato.com.br\/sites\/fatosecorrelatos\/2009\/11\/07\/como-lidar-com-o-mundo-a-carne-e-o-diabo\/","title":{"rendered":"Como lidar com o mundo, a carne e o diabo?"},"content":{"rendered":"<p>Mundo, carne e diabo; este \u00e9 um resumo \u00fatil oferecido pelo livro de ora\u00e7\u00f5es da Igreja da Inglaterra com respeito \u00e0 complexidade de tratar com o mal sist\u00eamico. Mas, como lidamos com o mal?<\/p>\n<div>Tratamos com o <b>mundo<\/b> n\u00e3o nos conformando a ele e nos conformando com a vontade de Deus (Rm 12.2). Tratamos com a <b>carne<\/b> pela mortifica\u00e7\u00e3o (identificando com a crucifica\u00e7\u00e3o de Cristo) e aspira\u00e7\u00e3o (respirando no Esp\u00edrito). Lidamos com o <b>diabo<\/b> resistindo e fugindo (Tg 4.7). <\/div>\n<div>\u00c9 uma batalha de muitas frentes: o mundo, a carne e o diabo. Nosso Senhor se encontra conosco em cada uma dessas frentes: transformando-nos interiormente (Rm 12.2), a fim de podermos transformar o mundo em vez de nos conformarmos a ele, enquanto penetramos nele em nossa obra e miss\u00e3o; produzindo fruto do Esp\u00edrito atrav\u00e9s de n\u00f3s (Gl 5.22,25), enquanto decidimos andar no Esp\u00edrito e considerar a carne como crucificada; e vencendo o maligno, o diabo (Ap 12.10,11), por meio de todo tipo de ora\u00e7\u00e3o (Ef 6.13-18) enquanto colocamos a armadura de Cristo.<\/div>\n<div><\/div>\n<div>Stevens, R. Paul. <i>Os Outros Seis Dias<\/i>. Editora Ultimato e Textus. Vi\u00e7osa, MG. 2005,  p. 199.<\/div>\n","protected":false},"excerpt":{"rendered":"<p>Mundo, carne e diabo; este \u00e9 um resumo \u00fatil oferecido pelo livro de ora\u00e7\u00f5es da Igreja da Inglaterra com respeito \u00e0 complexidade de tratar com o mal sist\u00eamico. Mas, como lidamos com o mal? Tratamos com o mundo n\u00e3o nos conformando a ele e nos conformando com a vontade de Deus (Rm 12.2). Tratamos com [&hellip;]<\/p>\n","protected":false},"author":12,"featured_media":0,"comment_status":"open","ping_status":"open","sticky":false,"template":"","format":"standard","meta":{"ngg_post_thumbnail":0,"footnotes":""},"categories":[7656],"tags":[7645,7644,4783,7633],"class_list":["post-131","post","type-post","status-publish","format-standard","hentry","category-outras-vozes","tag-carne","tag-diabo","tag-espiritualidade","tag-mundo"],"_links":{"self":[{"href":"https:\/\/ultimato.com.br\/sites\/fatosecorrelatos\/wp-json\/wp\/v2\/posts\/131","targetHints":{"allow":["GET"]}}],"collection":[{"href":"https:\/\/ultimato.com.br\/sites\/fatosecorrelatos\/wp-json\/wp\/v2\/posts"}],"about":[{"href":"https:\/\/ultimato.com.br\/sites\/fatosecorrelatos\/wp-json\/wp\/v2\/types\/post"}],"author":[{"embeddable":true,"href":"https:\/\/ultimato.com.br\/sites\/fatosecorrelatos\/wp-json\/wp\/v2\/users\/12"}],"replies":[{"embeddable":true,"href":"https:\/\/ultimato.com.br\/sites\/fatosecorrelatos\/wp-json\/wp\/v2\/comments?post=131"}],"version-history":[{"count":1,"href":"https:\/\/ultimato.com.br\/sites\/fatosecorrelatos\/wp-json\/wp\/v2\/posts\/131\/revisions"}],"predecessor-version":[{"id":260,"href":"https:\/\/ultimato.com.br\/sites\/fatosecorrelatos\/wp-json\/wp\/v2\/posts\/131\/revisions\/260"}],"wp:attachment":[{"href":"https:\/\/ultimato.com.br\/sites\/fatosecorrelatos\/wp-json\/wp\/v2\/media?parent=131"}],"wp:term":[{"taxonomy":"category","embeddable":true,"href":"https:\/\/ultimato.com.br\/sites\/fatosecorrelatos\/wp-json\/wp\/v2\/categories?post=131"},{"taxonomy":"post_tag","embeddable":true,"href":"https:\/\/ultimato.com.br\/sites\/fatosecorrelatos\/wp-json\/wp\/v2\/tags?post=131"}],"curies":[{"name":"wp","href":"https:\/\/api.w.org\/{rel}","templated":true}]}}