{"id":1307,"date":"2015-04-30T14:48:21","date_gmt":"2015-04-30T17:48:21","guid":{"rendered":"http:\/\/ultimato.com.br\/sites\/fatosecorrelatos\/?p=1307"},"modified":"2015-04-30T14:57:28","modified_gmt":"2015-04-30T17:57:28","slug":"tudo","status":"publish","type":"post","link":"https:\/\/ultimato.com.br\/sites\/fatosecorrelatos\/2015\/04\/30\/tudo\/","title":{"rendered":"Tudo!"},"content":{"rendered":"<p>Tudo! Os passos procuram por tudo. Cada som, cada movimento, cada cheiro, cada toque. Tudo. Palavra cheia, abundante, mas trai\u00e7oeira. Muitos a buscaram e foram enganados pela ilus\u00e3o de que seriam completos. Acharam sensa\u00e7\u00f5es, mas perderam-se nas migalhas da incompletude.<\/p>\n<p>Nossas roupas rasgaram-se, nossas bocas feriram-se, nossos cabelos ca\u00edram, e ainda buscamos o <strong>tudo.<\/strong> No fundo, n\u00e3o admitimos que ele n\u00e3o existe e que \u00e9 na mis\u00e9ria que descobrimos a alegria de apenas ser. Na mis\u00e9ria, achamos o essencial e abandonamos a teimosa ideia de que nossas frustra\u00e7\u00f5es antigas seriam curadas por ef\u00eameras sensa\u00e7\u00f5es de plenitude.<\/p>\n<p>Drogas, sexo, prazer, conforto, religiosidade, causas pol\u00edticas. N\u00e3o obstante serem reais, n\u00e3o s\u00e3o plenas. S\u00e3o subterf\u00fagios, atalhos, para a verdadeira realidade. At\u00e9 podem ser justas, mas n\u00e3o definitivas.<\/p>\n<p>O que somos? Somos o ch\u00e3o que pisamos, somos o cheiro que nos acompanha desde que nascemos, somos os tra\u00e7os f\u00edsicos que herdamos, somos o que adoramos, somos o horizonte para onde nossos olhos miram. Somos cacos juntando-se um a um, somos cora\u00e7\u00f5es de pedras transformando-se em cora\u00e7\u00f5es quentes e macios. Somos Ad\u00e3o, somos Eva, somos o sopro do Verbo enchendo o que \u00e9 vazio, em meio a uma caminhada sempre incompleta, mas cheia de significado. Somos o hoje e o amanh\u00e3, meio vazios, meio cheios.<\/p>\n<p>O tudo n\u00e3o \u00e9 um destino que buscamos. \u00c9 uma d\u00e1diva que aceitamos.<\/p>\n<p>&nbsp;<\/p>\n","protected":false},"excerpt":{"rendered":"<p>Tudo! Os passos procuram por tudo. Cada som, cada movimento, cada cheiro, cada toque. Tudo. Palavra cheia, abundante, mas trai\u00e7oeira. Muitos a buscaram e foram enganados pela ilus\u00e3o de que seriam completos. Acharam sensa\u00e7\u00f5es, mas perderam-se nas migalhas da incompletude. Nossas roupas rasgaram-se, nossas bocas feriram-se, nossos cabelos ca\u00edram, e ainda buscamos o tudo. No [&hellip;]<\/p>\n","protected":false},"author":12,"featured_media":0,"comment_status":"open","ping_status":"open","sticky":false,"template":"","format":"standard","meta":{"ngg_post_thumbnail":0,"footnotes":""},"categories":[114],"tags":[],"class_list":["post-1307","post","type-post","status-publish","format-standard","hentry","category-artigos"],"_links":{"self":[{"href":"https:\/\/ultimato.com.br\/sites\/fatosecorrelatos\/wp-json\/wp\/v2\/posts\/1307","targetHints":{"allow":["GET"]}}],"collection":[{"href":"https:\/\/ultimato.com.br\/sites\/fatosecorrelatos\/wp-json\/wp\/v2\/posts"}],"about":[{"href":"https:\/\/ultimato.com.br\/sites\/fatosecorrelatos\/wp-json\/wp\/v2\/types\/post"}],"author":[{"embeddable":true,"href":"https:\/\/ultimato.com.br\/sites\/fatosecorrelatos\/wp-json\/wp\/v2\/users\/12"}],"replies":[{"embeddable":true,"href":"https:\/\/ultimato.com.br\/sites\/fatosecorrelatos\/wp-json\/wp\/v2\/comments?post=1307"}],"version-history":[{"count":8,"href":"https:\/\/ultimato.com.br\/sites\/fatosecorrelatos\/wp-json\/wp\/v2\/posts\/1307\/revisions"}],"predecessor-version":[{"id":1315,"href":"https:\/\/ultimato.com.br\/sites\/fatosecorrelatos\/wp-json\/wp\/v2\/posts\/1307\/revisions\/1315"}],"wp:attachment":[{"href":"https:\/\/ultimato.com.br\/sites\/fatosecorrelatos\/wp-json\/wp\/v2\/media?parent=1307"}],"wp:term":[{"taxonomy":"category","embeddable":true,"href":"https:\/\/ultimato.com.br\/sites\/fatosecorrelatos\/wp-json\/wp\/v2\/categories?post=1307"},{"taxonomy":"post_tag","embeddable":true,"href":"https:\/\/ultimato.com.br\/sites\/fatosecorrelatos\/wp-json\/wp\/v2\/tags?post=1307"}],"curies":[{"name":"wp","href":"https:\/\/api.w.org\/{rel}","templated":true}]}}